{"id":43344,"date":"2021-05-10T16:49:39","date_gmt":"2021-05-10T19:49:39","guid":{"rendered":"http:\/\/www.apucarana.pr.gov.br\/site\/?p=43344"},"modified":"2024-10-08T09:22:20","modified_gmt":"2024-10-08T12:22:20","slug":"apucarana-inicia-aulas-on-line-de-ginastica-e-zumba","status":"publish","type":"post","link":"http:\/\/www.apucarana.pr.gov.br\/site\/apucarana-inicia-aulas-on-line-de-ginastica-e-zumba\/","title":{"rendered":"Apucarana inicia aulas on-line de gin\u00e1stica e ritmos"},"content":{"rendered":"<p>A Secretaria de Esportes da Prefeitura de Apucarana realiza nesta ter\u00e7a-feira (11\/05), a partir das 9 horas, em sua p\u00e1gina oficial na rede social Facebook (www.facebook.com\/secesportesapucarana), a aula inaugural do projeto \u201cAcademia em Casa\u201d, que vai oferecer gratuitamente aulas on-line de gin\u00e1stica e de dan\u00e7a de v\u00e1rios ritmos.<\/p>\n<p>Voltado a todas as idades, a iniciativa foi idealizada pelo pr\u00f3prio prefeito J\u00fanior da Femac visa oportunizar qualidade de vida e bem estar. \u201cCom a pandemia do novo coronav\u00edrus houve um aumento pela procura por treinos em casa. Assim, a Secretaria de Esportes vai disponibilizar duas profissionais da \u00e1rea para realizar as lives\u201d, informa o prefeito.<\/p>\n<p>As aulas de gin\u00e1stica e de ritmos presenciais eram frequentadas por centenas de apucaranenses, em especial pessoas da terceira idade. \u201cEssa iniciativa implantada pelo prefeito J\u00fanior da Femac revela na pr\u00e1tica a preocupa\u00e7\u00e3o da atual administra\u00e7\u00e3o com o bem-estar da popula\u00e7\u00e3o. Mesmo sendo aulas on-line s\u00e3o t\u00e3o ben\u00e9ficas quanto as aulas presenciais\u201d, destaca Jos\u00e9 Marcelino da Silva, Grilo, secret\u00e1rio Municipal de Esportes.<\/p>\n<p>As \u201clives\u201d do \u201cAcademia em Casa\u201d ser\u00e3o realizadas de ter\u00e7a a quinta-feira, a partir das 9 horas, sempre pelo canal oficial da Secretaria de Esportes no Facebook. \u201cA atividade \u00e9 aberta para pessoas de todas as idades e de ambos os sexos. A meta \u00e9 oportunizar exerc\u00edcios f\u00edsicos em qualquer ambiente e a qualquer hora\u201d, comenta Tom Barros, superintendente Municipal de Esportes. Ele frisa que as aulas v\u00e3o ficar gravadas na linha do tempo (timeline). \u201cCaso a pessoa n\u00e3o possa acompanhar ao vivo, poder\u00e1 acessar a \u201clive\u201d a qualquer momento\u201d, lembra Barros.<\/p>\n","protected":false},"excerpt":{"rendered":"<p>As \u201clives\u201d do \u201cGin\u00e1stica em Casa\u201d ser\u00e3o realizadas de ter\u00e7a a quinta-feira, a partir das 9 horas, pelo canal oficial da Secretaria de Esportes no Facebook (Foto: PMA\/arquivo)<\/p>\n","protected":false},"author":4,"featured_media":43346,"comment_status":"closed","ping_status":"open","sticky":false,"template":"","format":"standard","meta":{"footnotes":""},"categories":[24],"tags":[],"class_list":["post-43344","post","type-post","status-publish","format-standard","has-post-thumbnail","hentry","category-noticias"],"acf":[],"_links":{"self":[{"href":"http:\/\/www.apucarana.pr.gov.br\/site\/wp-json\/wp\/v2\/posts\/43344","targetHints":{"allow":["GET"]}}],"collection":[{"href":"http:\/\/www.apucarana.pr.gov.br\/site\/wp-json\/wp\/v2\/posts"}],"about":[{"href":"http:\/\/www.apucarana.pr.gov.br\/site\/wp-json\/wp\/v2\/types\/post"}],"author":[{"embeddable":true,"href":"http:\/\/www.apucarana.pr.gov.br\/site\/wp-json\/wp\/v2\/users\/4"}],"replies":[{"embeddable":true,"href":"http:\/\/www.apucarana.pr.gov.br\/site\/wp-json\/wp\/v2\/comments?post=43344"}],"version-history":[{"count":1,"href":"http:\/\/www.apucarana.pr.gov.br\/site\/wp-json\/wp\/v2\/posts\/43344\/revisions"}],"predecessor-version":[{"id":98847,"href":"http:\/\/www.apucarana.pr.gov.br\/site\/wp-json\/wp\/v2\/posts\/43344\/revisions\/98847"}],"wp:featuredmedia":[{"embeddable":true,"href":"http:\/\/www.apucarana.pr.gov.br\/site\/wp-json\/"}],"wp:attachment":[{"href":"http:\/\/www.apucarana.pr.gov.br\/site\/wp-json\/wp\/v2\/media?parent=43344"}],"wp:term":[{"taxonomy":"category","embeddable":true,"href":"http:\/\/www.apucarana.pr.gov.br\/site\/wp-json\/wp\/v2\/categories?post=43344"},{"taxonomy":"post_tag","embeddable":true,"href":"http:\/\/www.apucarana.pr.gov.br\/site\/wp-json\/wp\/v2\/tags?post=43344"}],"curies":[{"name":"wp","href":"https:\/\/api.w.org\/{rel}","templated":true}]}}