{"id":43340,"date":"2021-05-10T15:22:57","date_gmt":"2021-05-10T18:22:57","guid":{"rendered":"http:\/\/www.apucarana.pr.gov.br\/site\/?p=43340"},"modified":"2024-10-08T09:22:21","modified_gmt":"2024-10-08T12:22:21","slug":"apucarana-vacina-idosos-acima-de-75-anos-contra-a-gripe","status":"publish","type":"post","link":"http:\/\/www.apucarana.pr.gov.br\/site\/apucarana-vacina-idosos-acima-de-75-anos-contra-a-gripe\/","title":{"rendered":"Apucarana vacina idosos acima de 75 anos contra a gripe"},"content":{"rendered":"<p>Pessoas com idade igual ou superior a 75 anos come\u00e7am a ser imunizadas contra a gripe a partir desta ter\u00e7a-feira (10\/05), em Apucarana. O atendimento acontece nas 26 Unidades B\u00e1sicas de Sa\u00fade (UBSs) que contam com sala de imuniza\u00e7\u00e3o (ver rela\u00e7\u00e3o abaixo), de segunda a sexta-feira, das 8h30 \u00e0s 16h30.<\/p>\n<p>O prefeito J\u00fanior da Femac frisa que em breve novas etapas ser\u00e3o anunciadas para imuniza\u00e7\u00e3o de idosos. \u201cPara evitar aglomera\u00e7\u00e3o nas unidades de sa\u00fade, vamos liberando a imuniza\u00e7\u00e3o por faixas et\u00e1rias, mas todos os idosos acima de 60 anos podem ficar tranquilos que ser\u00e3o vacinados, dentro do que prev\u00ea a campanha nacional coordenada pelo Minist\u00e9rio da Sa\u00fade, at\u00e9 o dia 8 de junho\u201d, detalha o prefeito.<\/p>\n<p>O secret\u00e1rio Municipal de Sa\u00fade, Roberto Kaneta, lembra os idosos acima de 75 anos j\u00e1 foram imunizados tamb\u00e9m contra o novo coronav\u00edrus (Covid-19). \u201cMas caso a pessoa tenha sido vacinada recentemente, deve esperar 14 dias ap\u00f3s da segunda dose, para receber o imunizante contra a influenza (gripe)\u201d, alerta Kaneta.<\/p>\n<p>O superintendente de Aten\u00e7\u00e3o B\u00e1sica da Autarquia Municipal de Sa\u00fade (AMS), Marcelo Viana, conta que a campanha nacional teve in\u00edcio em 12 de abril e em sua primeira etapa imunizou crian\u00e7as de seis meses a menores de seis anos de idade (cinco anos, 11 meses e 29 dias), gestantes, pu\u00e9rperas (m\u00e3e no p\u00f3s-parto at\u00e9 45 dias) e trabalhadores da sa\u00fade.<\/p>\n<p>Ap\u00f3s a imuniza\u00e7\u00e3o dos idosos, em uma terceira etapa, de 9 de junho e 9 de julho, ser\u00e3o vacinadas contra a gripe as pessoas com comorbidades, defici\u00eancia permanente, caminhoneiros, trabalhadores de transporte coletivo rodovi\u00e1rio de passageiros urbano e de longo curso, trabalhadores portu\u00e1rios, for\u00e7as de seguran\u00e7a e salvamento, for\u00e7as armadas, funcion\u00e1rios do sistema de priva\u00e7\u00e3o de liberdade, popula\u00e7\u00e3o privada de liberdade e adolescentes e jovens em medidas socioeducativas. \u201cPedimos que as pessoas fiquem atentas ao cronograma para comparecerem \u00e0 unidade b\u00e1sica de sa\u00fade na data programada para sua faixa et\u00e1ria. Refor\u00e7ando que neste primeiro momento devem se vacinar pessoas acima de 75 anos\u201d, conclui Viana. D\u00favidas podem se esclarecidas na UBS mais pr\u00f3xima ou pelo telefone 3422-5888.<\/p>\n<p>Rela\u00e7\u00e3o das 26 Unidades B\u00e1sicas de Sa\u00fade que est\u00e3o realizando vacina\u00e7\u00e3o contra a gripe:<\/p>\n<p>UBS MYIOJI KOGURE (JARDIM ACLIMA\u00c7\u00c3O)<br \/>\nUBS \u2013 DR ANTONIO SACHELLI (JARDIM COLONIAL)<br \/>\nUBS EM\u00cdLIA CRETUCHI (PARQUE BELA VISTA)<br \/>\nUBS PADRE DOMINIQUE (CAIXA S\u00c3O PEDRO)<br \/>\nUBS MARIO VERUSSA (DISTRITO DE CORREIA DE FREITAS)<br \/>\nUBS EROS PACHECO (N\u00daCLEO AFONSO CAMARGO)<br \/>\nUBS ELAYNE MAZUR (JARDIM INTERLAGOS)<br \/>\nUBS EUNICE PENHARBEL (RESIDENCIAL SUMATRA)<br \/>\nUBS BOLIVAR PAV\u00c3O (JARDIM AM\u00c9RICA)<br \/>\nUBS \u2013 ANA MARIA PEPATO (JARDIM TRABALHISTA)<br \/>\nUBS \u2013 JOAQUIM TRIZOTTI (N\u00daCLEO ADRIANO CORREA)<br \/>\nUBS \u2013 LEOPOLDO HARTWIG JR. (VILA NOVA)<br \/>\nUBS MARIA DO CAF\u00c9 (JARDIM PONTA GROSSA)<br \/>\nUBS MERCEDES SILVA MORENO (VILA REGINA)<br \/>\nUBS ORESTE G. MARQUITO (JARDIM MARISSOL)<br \/>\nUBS OSVALDO DAMIN (JABOTI)<br \/>\nUBS MOACIR S. MASCARO (N\u00daCELO PARIGOT DE SOUZA)<br \/>\nUBS PEDRO BARRETO (DISTRITO VILA REIS)<br \/>\nUBS RODRIGO TRAMONTIN YOSHII (VILA APUCARANINHA)<br \/>\nUBS RAUL CASTILHO (NUCLEO JO\u00c3O PAULO)<br \/>\nUBS ROMEU MILANI (Rua Osvaldo Cruz- Centro)<br \/>\nUBS TAKAITI MIYADI (N\u00daCLEO DOM ROMEU)<br \/>\nUBS VALDECIR DE PAULA (JARDIM DAS FLORES)<br \/>\nUBS WALTER LAZARINI (DISTRITO DE PIRAP\u00d3)<br \/>\nUBS BENEDITO CL\u00c1UDIO \u201cPINGA FOGO\u201d DE OLIVEIRA (RESIDENCIAL SOLO SAGRADO)<br \/>\nUBS JULIA RENCZKOWSKI (N\u00daCLEO HABITACIONAL MARCOS FREIRE)<\/p>\n","protected":false},"excerpt":{"rendered":"<p>Para evitar aglomera\u00e7\u00e3o nas unidades de sa\u00fade, a Autarquia Municipal de Sa\u00fade programou a imuniza\u00e7\u00e3o nos moldes da contra a Covid-19, liberando o imunizante por faixas et\u00e1rias (Foto: PMA\/arquivo 2020)<\/p>\n","protected":false},"author":4,"featured_media":43341,"comment_status":"closed","ping_status":"open","sticky":false,"template":"","format":"standard","meta":{"footnotes":""},"categories":[24],"tags":[],"class_list":["post-43340","post","type-post","status-publish","format-standard","has-post-thumbnail","hentry","category-noticias"],"acf":[],"_links":{"self":[{"href":"http:\/\/www.apucarana.pr.gov.br\/site\/wp-json\/wp\/v2\/posts\/43340","targetHints":{"allow":["GET"]}}],"collection":[{"href":"http:\/\/www.apucarana.pr.gov.br\/site\/wp-json\/wp\/v2\/posts"}],"about":[{"href":"http:\/\/www.apucarana.pr.gov.br\/site\/wp-json\/wp\/v2\/types\/post"}],"author":[{"embeddable":true,"href":"http:\/\/www.apucarana.pr.gov.br\/site\/wp-json\/wp\/v2\/users\/4"}],"replies":[{"embeddable":true,"href":"http:\/\/www.apucarana.pr.gov.br\/site\/wp-json\/wp\/v2\/comments?post=43340"}],"version-history":[{"count":1,"href":"http:\/\/www.apucarana.pr.gov.br\/site\/wp-json\/wp\/v2\/posts\/43340\/revisions"}],"predecessor-version":[{"id":98848,"href":"http:\/\/www.apucarana.pr.gov.br\/site\/wp-json\/wp\/v2\/posts\/43340\/revisions\/98848"}],"wp:featuredmedia":[{"embeddable":true,"href":"http:\/\/www.apucarana.pr.gov.br\/site\/wp-json\/"}],"wp:attachment":[{"href":"http:\/\/www.apucarana.pr.gov.br\/site\/wp-json\/wp\/v2\/media?parent=43340"}],"wp:term":[{"taxonomy":"category","embeddable":true,"href":"http:\/\/www.apucarana.pr.gov.br\/site\/wp-json\/wp\/v2\/categories?post=43340"},{"taxonomy":"post_tag","embeddable":true,"href":"http:\/\/www.apucarana.pr.gov.br\/site\/wp-json\/wp\/v2\/tags?post=43340"}],"curies":[{"name":"wp","href":"https:\/\/api.w.org\/{rel}","templated":true}]}}