{"id":43310,"date":"2021-05-10T09:01:57","date_gmt":"2021-05-10T12:01:57","guid":{"rendered":"http:\/\/www.apucarana.pr.gov.br\/site\/?p=43310"},"modified":"2024-10-08T09:22:21","modified_gmt":"2024-10-08T12:22:21","slug":"prefeito-emite-nota-de-pesar-pelo-falecimento-de-servidora-da-saude-3","status":"publish","type":"post","link":"http:\/\/www.apucarana.pr.gov.br\/site\/prefeito-emite-nota-de-pesar-pelo-falecimento-de-servidora-da-saude-3\/","title":{"rendered":"Prefeito emite nota de pesar pelo falecimento de servidora da sa\u00fade"},"content":{"rendered":"<p>O prefeito Junior da Femac e o diretor presidente da Autarquia Municipal de Sa\u00fade (AMS), Roberto Kaneta, manifestam pesar pelo falecimento da servidora p\u00fablica municipal Edna Fernandes de Carvalho, 54 anos.<br \/>\nEla integrava o quadro de agente comunit\u00e1rio de sa\u00fade da AMS desde 2004 e no momento atuava na Unidade B\u00e1sica de Sa\u00fade Romeu Milani, na \u00e1rea central da cidade. \u201cLamentamos a perda da servidora Edna que por muitos anos atendeu os apucaranenses na \u00e1rea de sa\u00fade. Que Deus conforte seus familiares e amigos nesse momento\u201d, lamentou o prefeito Junior da Femac.<br \/>\nEdna faleceu no in\u00edcio da noite de ontem em decorr\u00eancia de complica\u00e7\u00f5es da Covid e o sepultamento ser\u00e1 \u00e0s 14 horas, no Cemit\u00e9rio Cristo Rei.<\/p>\n","protected":false},"excerpt":{"rendered":"<p>Edna Fernandes de Carvalho integrava o quadro de agente comunit\u00e1rio de sa\u00fade da AMS desde 2004<\/p>\n","protected":false},"author":4,"featured_media":43311,"comment_status":"closed","ping_status":"open","sticky":false,"template":"","format":"standard","meta":{"footnotes":""},"categories":[24],"tags":[],"class_list":["post-43310","post","type-post","status-publish","format-standard","has-post-thumbnail","hentry","category-noticias"],"acf":[],"_links":{"self":[{"href":"http:\/\/www.apucarana.pr.gov.br\/site\/wp-json\/wp\/v2\/posts\/43310","targetHints":{"allow":["GET"]}}],"collection":[{"href":"http:\/\/www.apucarana.pr.gov.br\/site\/wp-json\/wp\/v2\/posts"}],"about":[{"href":"http:\/\/www.apucarana.pr.gov.br\/site\/wp-json\/wp\/v2\/types\/post"}],"author":[{"embeddable":true,"href":"http:\/\/www.apucarana.pr.gov.br\/site\/wp-json\/wp\/v2\/users\/4"}],"replies":[{"embeddable":true,"href":"http:\/\/www.apucarana.pr.gov.br\/site\/wp-json\/wp\/v2\/comments?post=43310"}],"version-history":[{"count":1,"href":"http:\/\/www.apucarana.pr.gov.br\/site\/wp-json\/wp\/v2\/posts\/43310\/revisions"}],"predecessor-version":[{"id":98849,"href":"http:\/\/www.apucarana.pr.gov.br\/site\/wp-json\/wp\/v2\/posts\/43310\/revisions\/98849"}],"wp:featuredmedia":[{"embeddable":true,"href":"http:\/\/www.apucarana.pr.gov.br\/site\/wp-json\/"}],"wp:attachment":[{"href":"http:\/\/www.apucarana.pr.gov.br\/site\/wp-json\/wp\/v2\/media?parent=43310"}],"wp:term":[{"taxonomy":"category","embeddable":true,"href":"http:\/\/www.apucarana.pr.gov.br\/site\/wp-json\/wp\/v2\/categories?post=43310"},{"taxonomy":"post_tag","embeddable":true,"href":"http:\/\/www.apucarana.pr.gov.br\/site\/wp-json\/wp\/v2\/tags?post=43310"}],"curies":[{"name":"wp","href":"https:\/\/api.w.org\/{rel}","templated":true}]}}