{"id":43295,"date":"2021-05-08T23:12:24","date_gmt":"2021-05-09T02:12:24","guid":{"rendered":"http:\/\/www.apucarana.pr.gov.br\/site\/?p=43295"},"modified":"2024-10-08T09:22:21","modified_gmt":"2024-10-08T12:22:21","slug":"prefeito-manifesta-pesar-pela-morte-do-major-raul-leao-vidal","status":"publish","type":"post","link":"http:\/\/www.apucarana.pr.gov.br\/site\/prefeito-manifesta-pesar-pela-morte-do-major-raul-leao-vidal\/","title":{"rendered":"Prefeito manifesta pesar pela morte do major Raul Le\u00e3o Vidal"},"content":{"rendered":"<p>O prefeito Junior da Femac emitiu nota de pesar na noite deste s\u00e1bado (8) pelo falecimento do ex-comandante do 10\u00ba Batalh\u00e3o da Pol\u00edcia Militar do Paran\u00e1, Major Raul Le\u00e3o Vidal. De acordo com familiares, o ex-militar sofreu um enfarto fulminante nesta noite, na cidade onde residia nos \u00faltimos anos.<\/p>\n<p>&nbsp;<\/p>\n<p>&#8220;Em nome dos mun\u00edcipes manifestamos nossos sinceros sentimentos \u00e0 fam\u00edlia e ao grande n\u00fameros de amigos do Major Raul Le\u00e3o Vidal. Enaltecemos ainda a sua respeitada trajet\u00f3ria, principalmente na \u00e1rea da seguran\u00e7a p\u00fablica, e tamb\u00e9m na imprensa de Apucarana&#8221;, comentou Junior da Femac.<\/p>\n<p>&nbsp;<\/p>\n<p>O prefeito lembrou que o major Raul Le\u00e3o Vidal, al\u00e9m de ter comandado o 10\u00ba BPM de Apucarana e de todo o Vale do Iva\u00ed, tamb\u00e9m ocupou importantes fun\u00e7\u00f5es na seguran\u00e7a p\u00fablica em Londrina, Curitiba, Uni\u00e3o da Vit\u00f3ria e Ivaipor\u00e3. &#8220;O major Raul Vidal exerceu ainda o cargo de Secret\u00e1rio de Esportes em Apucarana e atuou na imprensa local como cronista esportivo no r\u00e1dio e na Tribuna do Norte&#8221;, lembrou.<\/p>\n<p>&nbsp;<\/p>\n<p>Raul Le\u00e3o Vidal deixa sua esposa Ang\u00e9lica e os filhos Luciana, Christian, Luciano, Denis, Raul Junior, Luiz Felipe e Luiz Henrique, al\u00e9m de genros, noras, netos e bisnetos.<\/p>\n","protected":false},"excerpt":{"rendered":"<p>Ex-comandante do 10\u00ba BPM faleceu hoje em Londrina aos 74 anos de idade\u00a0<\/p>\n","protected":false},"author":4,"featured_media":43296,"comment_status":"closed","ping_status":"open","sticky":false,"template":"","format":"standard","meta":{"footnotes":""},"categories":[24],"tags":[],"class_list":["post-43295","post","type-post","status-publish","format-standard","has-post-thumbnail","hentry","category-noticias"],"acf":[],"_links":{"self":[{"href":"http:\/\/www.apucarana.pr.gov.br\/site\/wp-json\/wp\/v2\/posts\/43295","targetHints":{"allow":["GET"]}}],"collection":[{"href":"http:\/\/www.apucarana.pr.gov.br\/site\/wp-json\/wp\/v2\/posts"}],"about":[{"href":"http:\/\/www.apucarana.pr.gov.br\/site\/wp-json\/wp\/v2\/types\/post"}],"author":[{"embeddable":true,"href":"http:\/\/www.apucarana.pr.gov.br\/site\/wp-json\/wp\/v2\/users\/4"}],"replies":[{"embeddable":true,"href":"http:\/\/www.apucarana.pr.gov.br\/site\/wp-json\/wp\/v2\/comments?post=43295"}],"version-history":[{"count":1,"href":"http:\/\/www.apucarana.pr.gov.br\/site\/wp-json\/wp\/v2\/posts\/43295\/revisions"}],"predecessor-version":[{"id":98850,"href":"http:\/\/www.apucarana.pr.gov.br\/site\/wp-json\/wp\/v2\/posts\/43295\/revisions\/98850"}],"wp:featuredmedia":[{"embeddable":true,"href":"http:\/\/www.apucarana.pr.gov.br\/site\/wp-json\/"}],"wp:attachment":[{"href":"http:\/\/www.apucarana.pr.gov.br\/site\/wp-json\/wp\/v2\/media?parent=43295"}],"wp:term":[{"taxonomy":"category","embeddable":true,"href":"http:\/\/www.apucarana.pr.gov.br\/site\/wp-json\/wp\/v2\/categories?post=43295"},{"taxonomy":"post_tag","embeddable":true,"href":"http:\/\/www.apucarana.pr.gov.br\/site\/wp-json\/wp\/v2\/tags?post=43295"}],"curies":[{"name":"wp","href":"https:\/\/api.w.org\/{rel}","templated":true}]}}