{"id":43283,"date":"2021-05-08T12:13:12","date_gmt":"2021-05-08T15:13:12","guid":{"rendered":"http:\/\/www.apucarana.pr.gov.br\/site\/?p=43283"},"modified":"2024-10-08T09:22:21","modified_gmt":"2024-10-08T12:22:21","slug":"prefeito-manifesta-pesar-pela-morte-da-professora-maria-onide","status":"publish","type":"post","link":"http:\/\/www.apucarana.pr.gov.br\/site\/prefeito-manifesta-pesar-pela-morte-da-professora-maria-onide\/","title":{"rendered":"Prefeito manifesta pesar pela morte da professora Maria Onide"},"content":{"rendered":"<p>O prefeito de Apucarana, Junior da Femac, emitiu nota de pesar na manh\u00e3 deste s\u00e1bado (8), comunicando com muita tristeza, o falecimento da professora e ex-chefe do N\u00facleo Regional de Educa\u00e7\u00e3o, Maria Onide Balan Sardinha, aos 67 anos de idade.<\/p>\n<p>De acordo com familiares, Maria Onide vinha lutando pela sua vida h\u00e1 cerca de trinta dias, desde que foi diagnosticada com Covid-19. &#8220;Infelizmente, a professora Maria Onide n\u00e3o resistiu \u00e0s complica\u00e7\u00f5es da doen\u00e7a. Apucarana perde uma respeitad\u00edssima profissional da educa\u00e7\u00e3o que era exemplo para a categoria&#8221;, lamentou Junior da Femac, manifestando seus sentimentos \u00e0 fam\u00edlia e amigos.<\/p>\n<p>A secret\u00e1ria municipal de Educa\u00e7\u00e3o, professora Marli Fernandes, tamb\u00e9m manifestou pesar pela morte de Maria Onide, em nome de todos os trabalhadores da educa\u00e7\u00e3o em Apucarana.<\/p>\n<p>Maria Onide j\u00e1 acumulava 40 anos de trajet\u00f3ria no magist\u00e9rio, tendo atuado em v\u00e1rias escolas p\u00fablicas e privadas. Como servidora de carreira do Estado do Paran\u00e1, foi guindada \u00e0 chefia do N\u00facleo Regional de Educa\u00e7\u00e3o de Apucarana, cargo que ocupou por mais de dez anos. Com mestrado em educa\u00e7\u00e3o prestava servi\u00e7os ao Minist\u00e9rio da Educa\u00e7\u00e3o, na avalia\u00e7\u00e3o de cursos superiores.<\/p>\n<p>A professora deixa esposo, Luiz Alberto Sardinha, e os filhos William, Wellington (ambos residindo na Austr\u00e1lia), e o ca\u00e7ula Vinicius, al\u00e9m de noras e netos, e um vasto c\u00edrculo de amigos em Apucarana e regi\u00e3o. As informa\u00e7\u00f5es sobre o sepultamento ainda n\u00e3o foram divulgadas pela fam\u00edlia.<\/p>\n","protected":false},"excerpt":{"rendered":"<p>Ex-chefe do N\u00facleo Regional de Educa\u00e7\u00e3o foi mais uma v\u00edtima da Covid-19 em Apucarana (Foto: arquivo pessoal)<\/p>\n","protected":false},"author":4,"featured_media":43284,"comment_status":"closed","ping_status":"open","sticky":false,"template":"","format":"standard","meta":{"footnotes":""},"categories":[24],"tags":[],"class_list":["post-43283","post","type-post","status-publish","format-standard","has-post-thumbnail","hentry","category-noticias"],"acf":[],"_links":{"self":[{"href":"http:\/\/www.apucarana.pr.gov.br\/site\/wp-json\/wp\/v2\/posts\/43283","targetHints":{"allow":["GET"]}}],"collection":[{"href":"http:\/\/www.apucarana.pr.gov.br\/site\/wp-json\/wp\/v2\/posts"}],"about":[{"href":"http:\/\/www.apucarana.pr.gov.br\/site\/wp-json\/wp\/v2\/types\/post"}],"author":[{"embeddable":true,"href":"http:\/\/www.apucarana.pr.gov.br\/site\/wp-json\/wp\/v2\/users\/4"}],"replies":[{"embeddable":true,"href":"http:\/\/www.apucarana.pr.gov.br\/site\/wp-json\/wp\/v2\/comments?post=43283"}],"version-history":[{"count":1,"href":"http:\/\/www.apucarana.pr.gov.br\/site\/wp-json\/wp\/v2\/posts\/43283\/revisions"}],"predecessor-version":[{"id":98851,"href":"http:\/\/www.apucarana.pr.gov.br\/site\/wp-json\/wp\/v2\/posts\/43283\/revisions\/98851"}],"wp:featuredmedia":[{"embeddable":true,"href":"http:\/\/www.apucarana.pr.gov.br\/site\/wp-json\/"}],"wp:attachment":[{"href":"http:\/\/www.apucarana.pr.gov.br\/site\/wp-json\/wp\/v2\/media?parent=43283"}],"wp:term":[{"taxonomy":"category","embeddable":true,"href":"http:\/\/www.apucarana.pr.gov.br\/site\/wp-json\/wp\/v2\/categories?post=43283"},{"taxonomy":"post_tag","embeddable":true,"href":"http:\/\/www.apucarana.pr.gov.br\/site\/wp-json\/wp\/v2\/tags?post=43283"}],"curies":[{"name":"wp","href":"https:\/\/api.w.org\/{rel}","templated":true}]}}