{"id":43279,"date":"2021-05-07T17:59:53","date_gmt":"2021-05-07T20:59:53","guid":{"rendered":"http:\/\/www.apucarana.pr.gov.br\/site\/?p=43279"},"modified":"2024-10-08T09:22:21","modified_gmt":"2024-10-08T12:22:21","slug":"vacina-garante-protecao-a-internos-do-lar-sao-vicente-de-paulo","status":"publish","type":"post","link":"http:\/\/www.apucarana.pr.gov.br\/site\/vacina-garante-protecao-a-internos-do-lar-sao-vicente-de-paulo\/","title":{"rendered":"Vacina garante prote\u00e7\u00e3o a internos do Lar S\u00e3o Vicente de Paulo"},"content":{"rendered":"<p>A Autarquia Municipal de Sa\u00fade (AMS) de Apucarana estabeleceu o Lar S\u00e3o Vicente de Paulo como term\u00f4metro para avaliar a efic\u00e1cia da vacina\u00e7\u00e3o contra a Covid-19 no munic\u00edpio. O local teve um surto da doen\u00e7a no come\u00e7o de dezembro, quando 23 pessoas, entre idosos internos e funcion\u00e1rios, testaram positivo para o novo coronav\u00edrus, levando a \u00f3bito 6 idosos que viviam no local.<br \/>\nO Lar S\u00e3o Vicente de Paulo foi o local escolhido no munic\u00edpio para dar in\u00edcio vacina\u00e7\u00e3o contra a Covid, no dia 20 de janeiro. A segunda dose da vacina foi aplicada no dia 15 de fevereiro. E, no dia 24 de mar\u00e7o, foi realizada a primeira coleta de exames PCR depois da vacina\u00e7\u00e3o entre os internos e segunda aconteceu no dia 8 de abril. Todos os resultados vieram negativos. \u201cPassado o prazo definido para vacina CoronaVac promover a imuniza\u00e7\u00e3o no organismo n\u00e3o tivemos mais casos de Covid entre os 70 internos do Lar S\u00e3o Vicente de Paulo\u201d, informa o diretor-presidente da AMS, Roberto Kaneta.<br \/>\n\u201cN\u00e3o temos como avaliar a efic\u00e1cia da vacina da Covid de forma universal, mas os resultados obtidos no asilo mostram a prote\u00e7\u00e3o que o imunizante garante no nosso organismo. O Lar S\u00e3o Vicente de Paulo \u00e9 um term\u00f4metro significativo porque concentra um grupo de pessoas idosas, com comorbidades e institucionalizados\u201d, observa Kaneta, lembrando que os internos do lar s\u00e3o submetidos a exame da Covid (PCR) periodicamente.<br \/>\nPara o prefeito Junior da Femac \u201co cen\u00e1rio do Lar S\u00e3o Vicente de Paulo mostra a efic\u00e1cia do trabalho que est\u00e1 sendo realizado na vacina\u00e7\u00e3o contra a Covid, dando mais seguran\u00e7a e esperan\u00e7a para todos.\u201d A primeira dose da vacina\u00e7\u00e3o contra a Covid j\u00e1 foi aplicada em 25.439 apucaranenses, dos quais 11.492 receberam a segunda dose.<\/p>\n","protected":false},"excerpt":{"rendered":"<p>N\u00e3o h\u00e1 mais registro de casos da Covid ap\u00f3s a imuniza\u00e7\u00e3o dos 70 idosos que vivem na institui\u00e7\u00e3o<\/p>\n","protected":false},"author":4,"featured_media":43280,"comment_status":"closed","ping_status":"open","sticky":false,"template":"","format":"standard","meta":{"footnotes":""},"categories":[24],"tags":[],"class_list":["post-43279","post","type-post","status-publish","format-standard","has-post-thumbnail","hentry","category-noticias"],"acf":[],"_links":{"self":[{"href":"http:\/\/www.apucarana.pr.gov.br\/site\/wp-json\/wp\/v2\/posts\/43279","targetHints":{"allow":["GET"]}}],"collection":[{"href":"http:\/\/www.apucarana.pr.gov.br\/site\/wp-json\/wp\/v2\/posts"}],"about":[{"href":"http:\/\/www.apucarana.pr.gov.br\/site\/wp-json\/wp\/v2\/types\/post"}],"author":[{"embeddable":true,"href":"http:\/\/www.apucarana.pr.gov.br\/site\/wp-json\/wp\/v2\/users\/4"}],"replies":[{"embeddable":true,"href":"http:\/\/www.apucarana.pr.gov.br\/site\/wp-json\/wp\/v2\/comments?post=43279"}],"version-history":[{"count":1,"href":"http:\/\/www.apucarana.pr.gov.br\/site\/wp-json\/wp\/v2\/posts\/43279\/revisions"}],"predecessor-version":[{"id":98852,"href":"http:\/\/www.apucarana.pr.gov.br\/site\/wp-json\/wp\/v2\/posts\/43279\/revisions\/98852"}],"wp:featuredmedia":[{"embeddable":true,"href":"http:\/\/www.apucarana.pr.gov.br\/site\/wp-json\/"}],"wp:attachment":[{"href":"http:\/\/www.apucarana.pr.gov.br\/site\/wp-json\/wp\/v2\/media?parent=43279"}],"wp:term":[{"taxonomy":"category","embeddable":true,"href":"http:\/\/www.apucarana.pr.gov.br\/site\/wp-json\/wp\/v2\/categories?post=43279"},{"taxonomy":"post_tag","embeddable":true,"href":"http:\/\/www.apucarana.pr.gov.br\/site\/wp-json\/wp\/v2\/tags?post=43279"}],"curies":[{"name":"wp","href":"https:\/\/api.w.org\/{rel}","templated":true}]}}