{"id":43268,"date":"2021-05-07T16:55:13","date_gmt":"2021-05-07T19:55:13","guid":{"rendered":"http:\/\/www.apucarana.pr.gov.br\/site\/?p=43268"},"modified":"2024-10-08T09:22:21","modified_gmt":"2024-10-08T12:22:21","slug":"apucarana-melhora-acesso-a-parque-industrial","status":"publish","type":"post","link":"http:\/\/www.apucarana.pr.gov.br\/site\/apucarana-melhora-acesso-a-parque-industrial\/","title":{"rendered":"Apucarana melhora acesso a parque industrial"},"content":{"rendered":"<p>A Prefeitura de Apucarana iniciou nesta sexta-feira (07\/05) o alargamento da Rua Arnaldo Ramos Leomil, que d\u00e1 acesso ao Parque Industrial Zona Oeste, sa\u00edda para Maring\u00e1. A via vai passar dos atuais nove metros para 12 metros de largura, recebendo ainda complementa\u00e7\u00e3o com constru\u00e7\u00e3o de meio-fio e cal\u00e7ada em trecho de aproximadamente 200 metros lineares \u201cTrata-se de uma rua que recebe grande fluxo de trabalhadores e com essa interven\u00e7\u00e3o vamos garantir maior seguran\u00e7a e acessibilidade\u201d, pontua o prefeito J\u00fanior da Femac, que vistoriou os trabalhos nesta sexta-feira (07\/05).<\/p>\n<p>A obra \u00e9 realizada com oper\u00e1rios e maquin\u00e1rios da pr\u00f3pria prefeitura e deve estar conclu\u00edda em 15 dias. \u201cOs usu\u00e1rios v\u00e3o perceber uma mudan\u00e7a positiva muito grande, pois a caixa da rua via ser alargada em tr\u00eas metros, contribuindo para melhorar significativamente o fluxo de ve\u00edculos. Os pedestres tamb\u00e9m v\u00e3o poder transitar com seguran\u00e7a em um novo passeio, de cerca de 1,5 metro de largura\u201d, informa \u00c2ngela Stoian, secret\u00e1ria Municipal de Obras.<\/p>\n<p>Durante a vistoria, o prefeito J\u00fanior da Femac frisou que para a zona oeste de Apucarana a prefeitura tem em andamento um projeto de duplica\u00e7\u00e3o da BR-369, no trecho que vai do N\u00facleo Habitacional Papa Jo\u00e3o Paulo I at\u00e9 o entroncamento com o Contorno Sul. Atrav\u00e9s de licita\u00e7\u00e3o, contratamos uma empresa de engenharia especializada e a elabora\u00e7\u00e3o do projeto est\u00e1 em fase final\u201d, diz.<\/p>\n<p>A proposta que deve ser aprovada contempla a constru\u00e7\u00e3o de duas rotat\u00f3rias. \u201cUma est\u00e1 projetada para a entrada principal do N\u00facleo Jo\u00e3o Paulo e a segunda junto ao viaduto do bairro, com acesso tamb\u00e9m ao Parque Industrial Oeste\u201d, informa o prefeito J\u00fanior da Femac. De acordo com ele, tamb\u00e9m est\u00e1 sendo projetado um retorno junto ao quartel do 10\u00ba Batalh\u00e3o da Pol\u00edcia Militar, alargamento da pista de rolamento \u2013 com terceira faixa na entrada do Jo\u00e3o Paulo -, canteiro central para instala\u00e7\u00e3o de ilumina\u00e7\u00e3o de LED, ciclovias, duas rotat\u00f3rias e um retorno. \u201cS\u00e3o 2,5 quil\u00f4metros de melhorias neste trecho da rodovia, que ir\u00e3o garantir melhor mobilidade e seguran\u00e7a, al\u00e9m de valorizar bastante a entrada de Apucarana\u201d, conclui o prefeito J\u00fanior da Femac. O custo estimado da obra \u00e9 de R$ 6 milh\u00f5es.<\/p>\n","protected":false},"excerpt":{"rendered":"<p>Com oper\u00e1rios e maquin\u00e1rios pr\u00f3prios, prefeitura executa obras de alargamento, constru\u00e7\u00e3o de meio-fio e cal\u00e7adas em rua junto ao Parque Industrial Zona Oeste, na sa\u00edda para Maring\u00e1 (Foto: divulga\u00e7\u00e3o)<\/p>\n","protected":false},"author":4,"featured_media":43270,"comment_status":"closed","ping_status":"open","sticky":false,"template":"","format":"standard","meta":{"footnotes":""},"categories":[24],"tags":[],"class_list":["post-43268","post","type-post","status-publish","format-standard","has-post-thumbnail","hentry","category-noticias"],"acf":[],"_links":{"self":[{"href":"http:\/\/www.apucarana.pr.gov.br\/site\/wp-json\/wp\/v2\/posts\/43268","targetHints":{"allow":["GET"]}}],"collection":[{"href":"http:\/\/www.apucarana.pr.gov.br\/site\/wp-json\/wp\/v2\/posts"}],"about":[{"href":"http:\/\/www.apucarana.pr.gov.br\/site\/wp-json\/wp\/v2\/types\/post"}],"author":[{"embeddable":true,"href":"http:\/\/www.apucarana.pr.gov.br\/site\/wp-json\/wp\/v2\/users\/4"}],"replies":[{"embeddable":true,"href":"http:\/\/www.apucarana.pr.gov.br\/site\/wp-json\/wp\/v2\/comments?post=43268"}],"version-history":[{"count":1,"href":"http:\/\/www.apucarana.pr.gov.br\/site\/wp-json\/wp\/v2\/posts\/43268\/revisions"}],"predecessor-version":[{"id":98853,"href":"http:\/\/www.apucarana.pr.gov.br\/site\/wp-json\/wp\/v2\/posts\/43268\/revisions\/98853"}],"wp:featuredmedia":[{"embeddable":true,"href":"http:\/\/www.apucarana.pr.gov.br\/site\/wp-json\/"}],"wp:attachment":[{"href":"http:\/\/www.apucarana.pr.gov.br\/site\/wp-json\/wp\/v2\/media?parent=43268"}],"wp:term":[{"taxonomy":"category","embeddable":true,"href":"http:\/\/www.apucarana.pr.gov.br\/site\/wp-json\/wp\/v2\/categories?post=43268"},{"taxonomy":"post_tag","embeddable":true,"href":"http:\/\/www.apucarana.pr.gov.br\/site\/wp-json\/wp\/v2\/tags?post=43268"}],"curies":[{"name":"wp","href":"https:\/\/api.w.org\/{rel}","templated":true}]}}