{"id":43258,"date":"2021-05-07T15:34:37","date_gmt":"2021-05-07T18:34:37","guid":{"rendered":"http:\/\/www.apucarana.pr.gov.br\/site\/?p=43258"},"modified":"2024-10-08T09:22:21","modified_gmt":"2024-10-08T12:22:21","slug":"auxilio-ao-setor-de-eventos-pode-chegar-a-r-10-mil-por-empresa","status":"publish","type":"post","link":"http:\/\/www.apucarana.pr.gov.br\/site\/auxilio-ao-setor-de-eventos-pode-chegar-a-r-10-mil-por-empresa\/","title":{"rendered":"Aux\u00edlio ao setor de eventos pode chegar a R$ 10 mil por empresa"},"content":{"rendered":"<p>At\u00e9 o momento, 159 empresas ou pessoas f\u00edsicas de Apucarana preencheram o mapeamento e, a partir de agora, a pr\u00f3xima etapa dos interessados \u00e9 protocolar o pedido junto ao Programa Municipal de Aux\u00edlio Emergencial ao Setor de Eventos. O valor dos recursos &#8211; destinados a empresas em geral, microempreendedores individuais e pessoas f\u00edsicas &#8211; varia de R$ 1 mil a R$ 10 mil. Como o prazo para efetivar a solicita\u00e7\u00e3o se encerra na pr\u00f3xima semana, a coordena\u00e7\u00e3o do programa solicita que os interessados protocolem os documentos o mais r\u00e1pido poss\u00edvel para evitar \u201ccorreria\u201d de \u00faltima hora.<\/p>\n<p>O prefeito Junior da Femac lembra que o Munic\u00edpio fez um grande esfor\u00e7o para ajudar o setor, criando um programa in\u00e9dito no Brasil e destinando recursos pr\u00f3prios no valor total de R$ 1 milh\u00e3o. \u201cDesse montante, foi estabelecido um teto financeiro de R$ 650 mil para empresas em geral, R$ 250 mil para microempreendedores individuais MEI\u2019s e R$ 100 mil para pessoas f\u00edsicas. Muitos empreendedores acham que n\u00e3o se enquadram no programa, no entanto a lei \u00e9 abrangente e contempla diversos ramos de atividade\u201d, ressalta Junior da Femac.<\/p>\n<p>De acordo com o prefeito, podem acessar os recursos profissionais e empresas ligados \u00e0 organiza\u00e7\u00e3o de festas, loca\u00e7\u00e3o de espa\u00e7o para eventos, loca\u00e7\u00e3o de palco, coberturas e outras estruturas m\u00f3veis, loca\u00e7\u00e3o de aparelhos e equipamentos de som, presta\u00e7\u00e3o de servi\u00e7os de entretenimento infantil, loca\u00e7\u00e3o de brinquedos, servi\u00e7os de cobertura fotogr\u00e1fica para eventos, produ\u00e7\u00e3o de v\u00eddeo, servi\u00e7os de alimenta\u00e7\u00e3o por buffet , atividade de banda musical, espet\u00e1culos de som e luz, aluguel de trajes, atividades de anima\u00e7\u00e3o e recrea\u00e7\u00e3o, decora\u00e7\u00e3o de ambiente e com\u00e9rcio atacadista e varejista de flores.<\/p>\n<p>Andreia Patr\u00edcia Rinaldo, superintendente municipal de Turismo, reitera que o programa abrange profissionais como gar\u00e7ons, iluminadores, core\u00f3grafo, fot\u00f3grafo, cinegrafista, decorador, recepcionista, som, figurino e montagem de eventos. \u201cOs valores variam e s\u00e3o de R$ 1 mil para pessoas f\u00edsicas e R$ 2.500 para microempreendedores. J\u00e1 para as empresas em geral, o aux\u00edlio pode ser de R$ 5 mil, R$ 7.500 e at\u00e9 R$ 10 mil, dependendo da pontua\u00e7\u00e3o alcan\u00e7ada no processo de avalia\u00e7\u00e3o das propostas\u201d, explica Andreia, acrescentando que os valores ser\u00e3o repassados em cota \u00fanica.<\/p>\n<p>PONTUA\u00c7\u00c3O \u2013 Conforme Edison Estrope, secret\u00e1rio municipal de Ind\u00fastria e Com\u00e9rcio, um dos crit\u00e9rios \u00e9 o faturamento da empresa nos \u00faltimos dois anos. \u201cSe entre 2019 e 2020, o faturamento caiu de 11% a 30% conta 5 pontos, de 31 a 50% s\u00e3o 10 pontos, de 51 a 70% s\u00e3o 15 pontos e de 71 a 100% s\u00e3o 20 pontos\u201d, detalha.<\/p>\n<p>Outros crit\u00e9rios s\u00e3o a quantidade de funcion\u00e1rios registrados em carteira (3 pontos por funcion\u00e1rio), pagamento de aluguel ou financiamento imobili\u00e1rio (20 pontos), e tempo de abertura da empresa (5, 10, 15, 20 ou 25 pontos). \u201cQuanto mais tempo a empresa estiver aberta mais pontos, pois entendemos que ela gerou mais empregos e pagou mais impostos\u201d, observa Estrope.<\/p>\n<p>O secret\u00e1rio lembra que os interessados, para ter acesso ao aux\u00edlio, precisam apresentar uma proposta vi\u00e1vel de contrapartida ao Munic\u00edpio. \u201cUm gar\u00e7om, por exemplo, poder\u00e1 se colocar \u00e0 disposi\u00e7\u00e3o para atuar no Espa\u00e7o das Feiras por um determinado per\u00edodo. Um m\u00fasico poder\u00e1 doar, em alguns eventos, a apresenta\u00e7\u00e3o de parte do seu repert\u00f3rio\u201d, ilustra Estrope.<\/p>\n<p>Os interessados devem preencher o Mapeamento de Empresas e Pessoas F\u00edsicas do Setor de Eventos no site da Prefeitura (www.apucarana.pr.gov.br), enquanto a documenta\u00e7\u00e3o dever\u00e1 ser entregue presencialmente em envelope lacrado, no Cine Teatro F\u00eanix, de segunda a sexta-feira, das 9 \u00e0s 17h30, at\u00e9 o dia 14 de maio.<\/p>\n","protected":false},"excerpt":{"rendered":"<p>O prefeito Junior da Femac lembra que o Munic\u00edpio fez um grande esfor\u00e7o para ajudar o setor, criando um programa in\u00e9dito no Brasil e destinando recursos pr\u00f3prios no valor total de R$ 1 milh\u00e3o (Foto: divulga\u00e7\u00e3o)<\/p>\n","protected":false},"author":4,"featured_media":43262,"comment_status":"closed","ping_status":"open","sticky":false,"template":"","format":"standard","meta":{"footnotes":""},"categories":[24],"tags":[],"class_list":["post-43258","post","type-post","status-publish","format-standard","has-post-thumbnail","hentry","category-noticias"],"acf":[],"_links":{"self":[{"href":"http:\/\/www.apucarana.pr.gov.br\/site\/wp-json\/wp\/v2\/posts\/43258","targetHints":{"allow":["GET"]}}],"collection":[{"href":"http:\/\/www.apucarana.pr.gov.br\/site\/wp-json\/wp\/v2\/posts"}],"about":[{"href":"http:\/\/www.apucarana.pr.gov.br\/site\/wp-json\/wp\/v2\/types\/post"}],"author":[{"embeddable":true,"href":"http:\/\/www.apucarana.pr.gov.br\/site\/wp-json\/wp\/v2\/users\/4"}],"replies":[{"embeddable":true,"href":"http:\/\/www.apucarana.pr.gov.br\/site\/wp-json\/wp\/v2\/comments?post=43258"}],"version-history":[{"count":1,"href":"http:\/\/www.apucarana.pr.gov.br\/site\/wp-json\/wp\/v2\/posts\/43258\/revisions"}],"predecessor-version":[{"id":98855,"href":"http:\/\/www.apucarana.pr.gov.br\/site\/wp-json\/wp\/v2\/posts\/43258\/revisions\/98855"}],"wp:featuredmedia":[{"embeddable":true,"href":"http:\/\/www.apucarana.pr.gov.br\/site\/wp-json\/"}],"wp:attachment":[{"href":"http:\/\/www.apucarana.pr.gov.br\/site\/wp-json\/wp\/v2\/media?parent=43258"}],"wp:term":[{"taxonomy":"category","embeddable":true,"href":"http:\/\/www.apucarana.pr.gov.br\/site\/wp-json\/wp\/v2\/categories?post=43258"},{"taxonomy":"post_tag","embeddable":true,"href":"http:\/\/www.apucarana.pr.gov.br\/site\/wp-json\/wp\/v2\/tags?post=43258"}],"curies":[{"name":"wp","href":"https:\/\/api.w.org\/{rel}","templated":true}]}}