{"id":43257,"date":"2021-05-07T15:34:43","date_gmt":"2021-05-07T18:34:43","guid":{"rendered":"http:\/\/www.apucarana.pr.gov.br\/site\/?p=43257"},"modified":"2024-10-08T09:22:21","modified_gmt":"2024-10-08T12:22:21","slug":"apucarana-vacina-trabalhadores-da-educacao-neste-sabado","status":"publish","type":"post","link":"http:\/\/www.apucarana.pr.gov.br\/site\/apucarana-vacina-trabalhadores-da-educacao-neste-sabado\/","title":{"rendered":"Apucarana vacina trabalhadores da educa\u00e7\u00e3o neste s\u00e1bado"},"content":{"rendered":"<p>Apucarana vai vacinar neste s\u00e1bado (8) contra a Covid os trabalhadores de educa\u00e7\u00e3o na faixa et\u00e1ria de 55 a 59 anos. A imuniza\u00e7\u00e3o deste grupo espec\u00edfico ser\u00e1 feita no p\u00e1tio da ACEA, na regi\u00e3o do Lago Jaboti. O atendimento acontece pelo sistema drive-thru de 8h30 \u00e0s 17 horas.<br \/>\nO prefeito Junior da Femac explica que o p\u00fablico dos trabalhadores da educa\u00e7\u00e3o exige um local exclusivo para vacina\u00e7\u00e3o porque s\u00f3 ser\u00e3o imunizadas as pessoas que constarem na rela\u00e7\u00e3o de nomes fornecidos \u00e0 sa\u00fade pelos estabelecimentos de ensino p\u00fablico e privado. \u201cAs equipes de sa\u00fade que atender\u00e3o na ACEA ter\u00e3o esta lista em m\u00e3os para seguir com rigor os nomes dos trabalhadores previamente informados. Foi feito um trabalho pr\u00e9vio de planejamento\u201d, informa Junior da Femac.<br \/>\n\u201cEsse pr\u00f3ximo grupo que vamos vacinar vai possibilitar a volta \u00e0s aulas. \u00c9 uma a\u00e7\u00e3o que precisamos realizar com prioridade\u201d, acrescentou o prefeito.<br \/>\nOs trabalhadores da educa\u00e7\u00e3o devem apresentar cart\u00e3o do SUS ou CPF e um documento com foto. Aqueles que n\u00e3o conseguirem se vacinar neste s\u00e1bado ter\u00e3o que esperar a pr\u00f3xima etapa de vacina\u00e7\u00e3o dos trabalhadores da educa\u00e7\u00e3o.<br \/>\nA vacina\u00e7\u00e3o contra a Covid tamb\u00e9m segue neste final de semana, tanto no s\u00e1bado como domingo, no drive-thru do Lago\u00e3o, de 8h30 \u00e0s 17 horas. Neste local est\u00e3o sendo imunizadas pessoas de 55 a 59 anos com diabetes, hipertensos, gestantes e pu\u00e9rperas com gravidez de risco intermedi\u00e1rio e alto e com idade a partir de 18 anos.<br \/>\nO prefeito Junior da Femac orienta sobre os documentos que devem ser apresentados. Al\u00e9m do cart\u00e3o do SUS e CPF e documento com foto, hipertensos e diab\u00e9ticos precisam levar o Cart\u00e3o Hiperdia ou declara\u00e7\u00e3o m\u00e9dica original. Aos diab\u00e9ticos tamb\u00e9m h\u00e1 a op\u00e7\u00e3o de apresentar o cart\u00e3o de insulina que \u00e9 emitido pela 16\u00aa Regional de Sa\u00fade ou Autarquia Municipal de Sa\u00fade ou ainda pelo Programa Farm\u00e1cia Popular.<br \/>\nAs gestantes e pu\u00e9rperas com gravidez de risco intermedi\u00e1rio e alto e com idade a partir de 18 anos que tamb\u00e9m seguem sendo vacinadas at\u00e9 domingo o documento adicional a ser apresentado \u00e9 a carteirinha da gestante, onde consta a informa\u00e7\u00e3o sobre do risco da gesta\u00e7\u00e3o, e ainda a carteirinha de vacina\u00e7\u00e3o. As pu\u00e9rperas (mulheres que tiveram filhos h\u00e1 menos de 45 dias) devem levar a certid\u00e3o de nascimento do filho.<br \/>\n\u201cAs gestantes que tomaram a vacina da gripe, t\u00e9tano e hepatite devem esperar 14 dias para receber a vacina da Covid\u201d, orienta o diretor-presidente da AMS, Roberto Kaneta.<br \/>\n\u201cA vacina\u00e7\u00e3o em Apucarana segue as orienta\u00e7\u00f5es da nota t\u00e9cnica 467\/2021 do Minist\u00e9rio da Sa\u00fade\u201d informa o prefeito Junior da Femac.<\/p>\n","protected":false},"excerpt":{"rendered":"<p>Imuniza\u00e7\u00e3o deste grupo acontece dentro da faixa et\u00e1ria de 55 a 59 anos e ser\u00e1 realizada no p\u00e1tio da ACEA<\/p>\n","protected":false},"author":4,"featured_media":43259,"comment_status":"closed","ping_status":"open","sticky":false,"template":"","format":"standard","meta":{"footnotes":""},"categories":[24],"tags":[],"class_list":["post-43257","post","type-post","status-publish","format-standard","has-post-thumbnail","hentry","category-noticias"],"acf":[],"_links":{"self":[{"href":"http:\/\/www.apucarana.pr.gov.br\/site\/wp-json\/wp\/v2\/posts\/43257","targetHints":{"allow":["GET"]}}],"collection":[{"href":"http:\/\/www.apucarana.pr.gov.br\/site\/wp-json\/wp\/v2\/posts"}],"about":[{"href":"http:\/\/www.apucarana.pr.gov.br\/site\/wp-json\/wp\/v2\/types\/post"}],"author":[{"embeddable":true,"href":"http:\/\/www.apucarana.pr.gov.br\/site\/wp-json\/wp\/v2\/users\/4"}],"replies":[{"embeddable":true,"href":"http:\/\/www.apucarana.pr.gov.br\/site\/wp-json\/wp\/v2\/comments?post=43257"}],"version-history":[{"count":1,"href":"http:\/\/www.apucarana.pr.gov.br\/site\/wp-json\/wp\/v2\/posts\/43257\/revisions"}],"predecessor-version":[{"id":98854,"href":"http:\/\/www.apucarana.pr.gov.br\/site\/wp-json\/wp\/v2\/posts\/43257\/revisions\/98854"}],"wp:featuredmedia":[{"embeddable":true,"href":"http:\/\/www.apucarana.pr.gov.br\/site\/wp-json\/"}],"wp:attachment":[{"href":"http:\/\/www.apucarana.pr.gov.br\/site\/wp-json\/wp\/v2\/media?parent=43257"}],"wp:term":[{"taxonomy":"category","embeddable":true,"href":"http:\/\/www.apucarana.pr.gov.br\/site\/wp-json\/wp\/v2\/categories?post=43257"},{"taxonomy":"post_tag","embeddable":true,"href":"http:\/\/www.apucarana.pr.gov.br\/site\/wp-json\/wp\/v2\/tags?post=43257"}],"curies":[{"name":"wp","href":"https:\/\/api.w.org\/{rel}","templated":true}]}}