{"id":43210,"date":"2021-05-06T15:24:10","date_gmt":"2021-05-06T18:24:10","guid":{"rendered":"http:\/\/www.apucarana.pr.gov.br\/site\/?p=43210"},"modified":"2024-10-08T09:22:21","modified_gmt":"2024-10-08T12:22:21","slug":"apucarana-avanca-na-vacinacao-das-comorbidades","status":"publish","type":"post","link":"http:\/\/www.apucarana.pr.gov.br\/site\/apucarana-avanca-na-vacinacao-das-comorbidades\/","title":{"rendered":"Apucarana avan\u00e7a na vacina\u00e7\u00e3o das comorbidades"},"content":{"rendered":"<p>Apucarana come\u00e7a a vacinar amanh\u00e3 (sexta-feira) contra a Covid 19 pessoas de 55 a 59 anos com diabetes, hipertensos e portadores de HIV. A Autarquia Municipal de Sa\u00fade (AMS) tamb\u00e9m refor\u00e7a segue at\u00e9 domingo a imuniza\u00e7\u00e3o de gestantes e pu\u00e9rperas com gravidez de risco intermedi\u00e1rio e alto e com idade a partir de 18 anos.<br \/>\n\u201cA partir de amanh\u00e3 vamos avan\u00e7ar na imuniza\u00e7\u00e3o dos grupos priorit\u00e1rios das comorbidades, etapa j\u00e1 iniciada no \u00faltimo domingo com as pessoas com s\u00edndrome de down. Tendo doses, Apucarana vacina de domingo a domingo, sempre seguindo as orienta\u00e7\u00f5es da nota t\u00e9cnica 467\/2021 do Minist\u00e9rio da Sa\u00fade\u201d informa o prefeito Junior da Femac.<br \/>\nA vacina\u00e7\u00e3o de diab\u00e9ticos e hipertensos, bem como de gestantes e pu\u00e9rperas, inicia amanh\u00e3 (7) e continua no s\u00e1bado e domingo e \u00e9 realizada no Complexo Esportivo Lago\u00e3o, pelo sistema drive-thru ou dentro do gin\u00e1sio para quem for a p\u00e9, sempre no hor\u00e1rio das 8h30 e 17 horas.<br \/>\nJ\u00e1 para os portadores de HIV a vacina\u00e7\u00e3o ser\u00e1 amanh\u00e3 e na segunda-feira (10). N\u00e3o tem imuniza\u00e7\u00e3o para este grupo no s\u00e1bado e domingo. \u201cDiferentemente dos demais grupos priorit\u00e1rios vacinados nesta etapa, a vacina\u00e7\u00e3o dos portadores de HIV ser\u00e1 realizada no NATTA, que \u00e9 localizado na Rua Jamil Soni, ao lado da sede da Guarda Municipal\u201d, esclarece o diretor presidente da AMS, Roberto Kaneta.<br \/>\nO prefeito Junior da Femac chama a aten\u00e7\u00e3o para os documentos que devem ser apresentados. Al\u00e9m do cart\u00e3o do SUS e CPF e documento com foto, hipertensos e diab\u00e9ticos precisam levar o Cart\u00e3o Hiperdia ou declara\u00e7\u00e3o m\u00e9dica original. Aos diab\u00e9ticos tamb\u00e9m h\u00e1 a op\u00e7\u00e3o de apresentar o cart\u00e3o de insulina que \u00e9 emitido pela 16\u00aa Regional de Sa\u00fade ou Autarquia Municipal de Sa\u00fade ou ainda pelo Programa Farm\u00e1cia Popular.<br \/>\nAs gestantes e pu\u00e9rperas com gravidez de risco intermedi\u00e1rio e alto e com idade a partir de 18 anos que tamb\u00e9m seguem sendo vacinadas at\u00e9 domingo o documento adicional a ser apresentado \u00e9 a carteirinha da gestante, onde consta a informa\u00e7\u00e3o sobre do risco da gesta\u00e7\u00e3o, e ainda a carteirinha de vacina\u00e7\u00e3o. As pu\u00e9rperas (mulheres que tiveram filhos h\u00e1 menos de 45 dias) devem levar a certid\u00e3o de nascimento do filho.<br \/>\n\u201cAs gestantes que tomaram a vacina da gripe, t\u00e9tano e hepatite devem esperar 14 dias para receber a vacina da Covid\u201d, orienta o diretor-presidente da AMS, Roberto Kaneta.<\/p>\n","protected":false},"excerpt":{"rendered":"<p>Nesta sexta-feira inicia a imuniza\u00e7\u00e3o de diab\u00e9ticos, hipertensos e portadores de HIV com idade entre 55 anos e 59 anos<\/p>\n","protected":false},"author":4,"featured_media":43211,"comment_status":"closed","ping_status":"open","sticky":false,"template":"","format":"standard","meta":{"footnotes":""},"categories":[24],"tags":[],"class_list":["post-43210","post","type-post","status-publish","format-standard","has-post-thumbnail","hentry","category-noticias"],"acf":[],"_links":{"self":[{"href":"http:\/\/www.apucarana.pr.gov.br\/site\/wp-json\/wp\/v2\/posts\/43210","targetHints":{"allow":["GET"]}}],"collection":[{"href":"http:\/\/www.apucarana.pr.gov.br\/site\/wp-json\/wp\/v2\/posts"}],"about":[{"href":"http:\/\/www.apucarana.pr.gov.br\/site\/wp-json\/wp\/v2\/types\/post"}],"author":[{"embeddable":true,"href":"http:\/\/www.apucarana.pr.gov.br\/site\/wp-json\/wp\/v2\/users\/4"}],"replies":[{"embeddable":true,"href":"http:\/\/www.apucarana.pr.gov.br\/site\/wp-json\/wp\/v2\/comments?post=43210"}],"version-history":[{"count":1,"href":"http:\/\/www.apucarana.pr.gov.br\/site\/wp-json\/wp\/v2\/posts\/43210\/revisions"}],"predecessor-version":[{"id":98858,"href":"http:\/\/www.apucarana.pr.gov.br\/site\/wp-json\/wp\/v2\/posts\/43210\/revisions\/98858"}],"wp:featuredmedia":[{"embeddable":true,"href":"http:\/\/www.apucarana.pr.gov.br\/site\/wp-json\/"}],"wp:attachment":[{"href":"http:\/\/www.apucarana.pr.gov.br\/site\/wp-json\/wp\/v2\/media?parent=43210"}],"wp:term":[{"taxonomy":"category","embeddable":true,"href":"http:\/\/www.apucarana.pr.gov.br\/site\/wp-json\/wp\/v2\/categories?post=43210"},{"taxonomy":"post_tag","embeddable":true,"href":"http:\/\/www.apucarana.pr.gov.br\/site\/wp-json\/wp\/v2\/tags?post=43210"}],"curies":[{"name":"wp","href":"https:\/\/api.w.org\/{rel}","templated":true}]}}