{"id":43174,"date":"2021-05-06T11:32:45","date_gmt":"2021-05-06T14:32:45","guid":{"rendered":"http:\/\/www.apucarana.pr.gov.br\/site\/?p=43174"},"modified":"2024-10-08T09:22:21","modified_gmt":"2024-10-08T12:22:21","slug":"reestruturacao-da-rede-eletrica-do-dti-afetara-servicos-online-da-prefeitura","status":"publish","type":"post","link":"http:\/\/www.apucarana.pr.gov.br\/site\/reestruturacao-da-rede-eletrica-do-dti-afetara-servicos-online-da-prefeitura\/","title":{"rendered":"Reestrutura\u00e7\u00e3o da rede el\u00e9trica do DTI afetar\u00e1 servi\u00e7os online da Prefeitura"},"content":{"rendered":"<p align=\"left\"><span style=\"color: #333333;\"><span style=\"font-family: Times New Roman, serif;\"><span style=\"font-size: large;\"><span lang=\"pt\">O Departamento de Tecnologia da Informa\u00e7\u00e3o (DTI) comunica que hoje (06\/05), no per\u00edodo das 16 horas \u00e0s 18 horas, os servi\u00e7os online ficar\u00e3o indispon\u00edveis. O site <a href=\"http:\/\/www.apucarana.pr.gov.br\/\">www.apucarana.pr.gov.br<\/a> estar\u00e1 fora do ar neste per\u00edodo, quando ser\u00e1 feita a instala\u00e7\u00e3o de um novo nobreak e a reestrutura\u00e7\u00e3o da rede el\u00e9trica do departamento. <\/span><\/span><\/span><\/span><\/p>\n<p align=\"left\"><span style=\"font-family: Times New Roman, serif;\"><span style=\"font-size: large;\"><span style=\"color: #333333;\"><span lang=\"pt\">Andr\u00e9 Gustavo dos Santos Burin, superintendente do DTI, pede a compreens\u00e3o dos usu\u00e1rios, ressaltando que a manuten\u00e7\u00e3o vai trazer benef\u00edcios ao sistema<\/span><\/span><span style=\"color: #333333;\"><span lang=\"pt\">. \u201c<\/span><\/span><span style=\"color: #333333;\"><span lang=\"pt\">Em breve vamos fazer a implanta\u00e7\u00e3o da telefonia digital na Prefeitura e isso significa a instala\u00e7\u00e3o de novos equipamentos dentro do departamento. Antes, no entanto, precisamos reestruturar a rede el\u00e9trica com um nobreak espec\u00edfico, evitando que eventuais quedas de energia venham a provocar o desligamento dos equipamentos\u201d, explica Burin.<\/span><\/span><\/span><\/span><\/p>\n<p align=\"left\"><span style=\"color: #333333;\"><span style=\"font-family: Times New Roman, serif;\"><span style=\"font-size: large;\"><span lang=\"pt\">Burin esclarece que, mesmo o site estando fora do ar, o contribuinte poder\u00e1 acessar a maioria dos servi\u00e7os atrav\u00e9s de links espec\u00edficos. \u201cA \u00fanica excess\u00e3o \u00e9 o servi\u00e7o de protocolo, que ficar\u00e1 completamente inacess\u00edvel neste per\u00edodo\u201d, observa Burin. Segue abaixo a rela\u00e7\u00e3o dos links e dos respectivos servi\u00e7os:<\/span><\/span><\/span><\/span><\/p>\n<p align=\"left\"><span style=\"color: #333333;\"><span style=\"font-family: Times New Roman, serif;\"><span style=\"font-size: large;\"><span lang=\"pt\">Cidad\u00e3o<br \/>\nhttp:\/\/18.230.51.198:8080\/cidadao<\/span><\/span><\/span><\/span><\/p>\n<p>Deiss<br \/>\nhttp:\/\/18.230.51.198:8080\/deiss<\/p>\n<p>Nfse<br \/>\nhttp:\/\/18.230.51.198\/nfse.portal\/<\/p>\n<p>Certid\u00e3o Negativa<br \/>\nhttp:\/\/18.230.51.198\/certidao\/index.php<\/p>\n<p>Seu Iptu<br \/>\nhttp:\/\/18.230.51.198\/iptu\/index.php<\/p>\n<p>Transpar\u00eancia<br \/>\nhttp:\/\/18.230.51.198\/pronimtb\/<\/p>\n<p align=\"left\"><span style=\"color: #333333;\"><span style=\"font-family: Times New Roman, serif;\"><span style=\"font-size: large;\"><span lang=\"pt\">AlvaraWeb<br \/>\n<a href=\"http:\/\/18.230.51.198\/alvaraweb\">http:\/\/18.230.51.198\/alvaraweb<\/a><\/span><\/span><\/span><\/span><\/p>\n","protected":false},"excerpt":{"rendered":"<p>O site da Prefeitura ficar\u00e1 fora do ar no per\u00edodo das 16 horas \u00e0s 18 horas, quando os servi\u00e7os online ficar\u00e3o indispon\u00edveis. <\/p>\n","protected":false},"author":4,"featured_media":43176,"comment_status":"closed","ping_status":"open","sticky":false,"template":"","format":"standard","meta":{"footnotes":""},"categories":[24],"tags":[],"class_list":["post-43174","post","type-post","status-publish","format-standard","has-post-thumbnail","hentry","category-noticias"],"acf":[],"_links":{"self":[{"href":"http:\/\/www.apucarana.pr.gov.br\/site\/wp-json\/wp\/v2\/posts\/43174","targetHints":{"allow":["GET"]}}],"collection":[{"href":"http:\/\/www.apucarana.pr.gov.br\/site\/wp-json\/wp\/v2\/posts"}],"about":[{"href":"http:\/\/www.apucarana.pr.gov.br\/site\/wp-json\/wp\/v2\/types\/post"}],"author":[{"embeddable":true,"href":"http:\/\/www.apucarana.pr.gov.br\/site\/wp-json\/wp\/v2\/users\/4"}],"replies":[{"embeddable":true,"href":"http:\/\/www.apucarana.pr.gov.br\/site\/wp-json\/wp\/v2\/comments?post=43174"}],"version-history":[{"count":1,"href":"http:\/\/www.apucarana.pr.gov.br\/site\/wp-json\/wp\/v2\/posts\/43174\/revisions"}],"predecessor-version":[{"id":98859,"href":"http:\/\/www.apucarana.pr.gov.br\/site\/wp-json\/wp\/v2\/posts\/43174\/revisions\/98859"}],"wp:featuredmedia":[{"embeddable":true,"href":"http:\/\/www.apucarana.pr.gov.br\/site\/wp-json\/"}],"wp:attachment":[{"href":"http:\/\/www.apucarana.pr.gov.br\/site\/wp-json\/wp\/v2\/media?parent=43174"}],"wp:term":[{"taxonomy":"category","embeddable":true,"href":"http:\/\/www.apucarana.pr.gov.br\/site\/wp-json\/wp\/v2\/categories?post=43174"},{"taxonomy":"post_tag","embeddable":true,"href":"http:\/\/www.apucarana.pr.gov.br\/site\/wp-json\/wp\/v2\/tags?post=43174"}],"curies":[{"name":"wp","href":"https:\/\/api.w.org\/{rel}","templated":true}]}}