{"id":41660,"date":"2021-04-01T19:12:17","date_gmt":"2021-04-01T22:12:17","guid":{"rendered":"http:\/\/www.apucarana.pr.gov.br\/site\/?p=41660"},"modified":"2024-10-08T09:22:31","modified_gmt":"2024-10-08T12:22:31","slug":"prefeito-junior-da-femac-empossa-novos-conselheiros-do-cacs-fundeb","status":"publish","type":"post","link":"http:\/\/www.apucarana.pr.gov.br\/site\/prefeito-junior-da-femac-empossa-novos-conselheiros-do-cacs-fundeb\/","title":{"rendered":"Prefeito Junior da Femac empossa novos conselheiros do CACS-FUNDEB"},"content":{"rendered":"<p>O prefeito J\u00fanior da Femac deu posse, na tarde de hoje (1\/4), aos novos membros do Conselho Municipal de Acompanhamento e Controle Social do Fundo de Manuten\u00e7\u00e3o e Desenvolvimento da Educa\u00e7\u00e3o B\u00e1sica e de Valoriza\u00e7\u00e3o dos Profissionais da Educa\u00e7\u00e3o (CACS-FUNDEB). A cerim\u00f4nia foi realizada por meio de videoconfer\u00eancia, em respeito \u00e0 recomenda\u00e7\u00e3o de distanciamento social feita pelas autoridades de sa\u00fade, devido \u00e0 pandemia de Covid-19.<\/p>\n<p>Os novos conselheiros, titulares e suplentes, foram eleitos entre os professores, diretores, t\u00e9cnicos administrativos, estudantes e pais de alunos da rede municipal de ensino. H\u00e1 tamb\u00e9m representantes do Conselho Tutelar, do Poder Executivo Municipal e das Organiza\u00e7\u00f5es da Sociedade Civil.\u00a0 A principal atribui\u00e7\u00e3o do CACS-FUNDEB \u00e9 acompanhar e supervisionar a transfer\u00eancia, a distribui\u00e7\u00e3o e a aplica\u00e7\u00e3o dos recursos do fundo na esfera municipal.<\/p>\n<p>No mesmo ato, o prefeito Junior da Femac tamb\u00e9m instituiu a Comiss\u00e3o Central de Biosseguran\u00e7a, cujos membros ser\u00e3o respons\u00e1veis por monitorar o cumprimento dos protocolos sanit\u00e1rios, nos centros infantis e escolas municipais, no contexto da volta \u00e0s aulas presenciais p\u00f3s-pandemia.<\/p>\n<p>\u201cN\u00f3s ainda n\u00e3o temos uma data prevista, mas estamos tomando as provid\u00eancias necess\u00e1rias para garantir a seguran\u00e7a dos alunos, professores e funcion\u00e1rios quando for poss\u00edvel retomar as atividades letivas presenciais,\u201d afirmou a secret\u00e1ria de educa\u00e7\u00e3o Marli Fernandes.<\/p>\n<p>O prefeito Junior da Femac agradeceu aos novos conselheiros do CACS-FUNDEB e membros da Comiss\u00e3o Central de Biosseguran\u00e7a por se disponibilizarem a acompanhar o trabalho da educa\u00e7\u00e3o municipal. \u201cAs fun\u00e7\u00f5es que voc\u00eas est\u00e3o assumindo s\u00e3o de muita import\u00e2ncia, pois podem implicar na sa\u00fade e na forma\u00e7\u00e3o de mais de doze mil crian\u00e7as,\u201d disse.<\/p>\n","protected":false},"excerpt":{"rendered":"<p>No mesmo ato, foi institu\u00edda uma comiss\u00e3o de biosseguran\u00e7a que ser\u00e1 respons\u00e1vel por monitorar o cumprimento dos protocolos sanit\u00e1rios, nos centros infantis e escolas da rede municipal, no contexto da retomada das aulas presenciais <\/p>\n","protected":false},"author":4,"featured_media":41663,"comment_status":"closed","ping_status":"open","sticky":false,"template":"","format":"standard","meta":{"footnotes":""},"categories":[24],"tags":[],"class_list":["post-41660","post","type-post","status-publish","format-standard","has-post-thumbnail","hentry","category-noticias"],"acf":[],"_links":{"self":[{"href":"http:\/\/www.apucarana.pr.gov.br\/site\/wp-json\/wp\/v2\/posts\/41660","targetHints":{"allow":["GET"]}}],"collection":[{"href":"http:\/\/www.apucarana.pr.gov.br\/site\/wp-json\/wp\/v2\/posts"}],"about":[{"href":"http:\/\/www.apucarana.pr.gov.br\/site\/wp-json\/wp\/v2\/types\/post"}],"author":[{"embeddable":true,"href":"http:\/\/www.apucarana.pr.gov.br\/site\/wp-json\/wp\/v2\/users\/4"}],"replies":[{"embeddable":true,"href":"http:\/\/www.apucarana.pr.gov.br\/site\/wp-json\/wp\/v2\/comments?post=41660"}],"version-history":[{"count":1,"href":"http:\/\/www.apucarana.pr.gov.br\/site\/wp-json\/wp\/v2\/posts\/41660\/revisions"}],"predecessor-version":[{"id":98977,"href":"http:\/\/www.apucarana.pr.gov.br\/site\/wp-json\/wp\/v2\/posts\/41660\/revisions\/98977"}],"wp:featuredmedia":[{"embeddable":true,"href":"http:\/\/www.apucarana.pr.gov.br\/site\/wp-json\/"}],"wp:attachment":[{"href":"http:\/\/www.apucarana.pr.gov.br\/site\/wp-json\/wp\/v2\/media?parent=41660"}],"wp:term":[{"taxonomy":"category","embeddable":true,"href":"http:\/\/www.apucarana.pr.gov.br\/site\/wp-json\/wp\/v2\/categories?post=41660"},{"taxonomy":"post_tag","embeddable":true,"href":"http:\/\/www.apucarana.pr.gov.br\/site\/wp-json\/wp\/v2\/tags?post=41660"}],"curies":[{"name":"wp","href":"https:\/\/api.w.org\/{rel}","templated":true}]}}