{"id":41073,"date":"2021-03-24T09:35:52","date_gmt":"2021-03-24T12:35:52","guid":{"rendered":"http:\/\/www.apucarana.pr.gov.br\/site\/?p=41073"},"modified":"2024-10-08T09:22:34","modified_gmt":"2024-10-08T12:22:34","slug":"prefeito-emite-nota-de-pesar-pela-morte-do-padre-francisco-lenartovick","status":"publish","type":"post","link":"http:\/\/www.apucarana.pr.gov.br\/site\/prefeito-emite-nota-de-pesar-pela-morte-do-padre-francisco-lenartovick\/","title":{"rendered":"Prefeito emite nota de pesar pela morte do padre Francisco Lenartovicz"},"content":{"rendered":"<p align=\"left\"><span style=\"color: #000000;\"><span style=\"font-family: Times New Roman, serif;\"><span style=\"font-size: large;\"><span lang=\"pt\">O prefeito de Apucarana, Junior da Femac, emitiu nota de pesar pela morte do <\/span><span lang=\"pt\">p<\/span><span lang=\"pt\">adre Francisco Oscar Lenartovicz. <\/span><span lang=\"pt\">O religioso tinha 71 anos, estava internado na UTI do Hospital da Provid\u00eancia e faleceu na manh\u00e3 de hoje por conta de complica\u00e7\u00f5es da Covid-19. <\/span><\/span><\/span><\/span><\/p>\n<p align=\"left\"><span style=\"color: #000000;\"><span style=\"font-family: Times New Roman, serif;\"><span style=\"font-size: large;\"><span lang=\"pt\">O prefeito lembra que o padre foi ordenado em 1986 e trabalhou em v\u00e1rias par\u00f3quias da Diocese de Apucarana. Atualmente, o sacerdote atuava em Faxinal e Cruzmaltina. \u201cO padre tamb\u00e9m celebrou por v\u00e1rios anos na Par\u00f3quia Cristo Sacerdote, localizada na regi\u00e3o do Jardim Tibagi. \u00c9 um homem de Deus, que ao longo da vida sacerdotal foi um exemplo de f\u00e9 para os fi\u00e9is\u201d, <\/span><span lang=\"pt\">manifesta Junior da Femac.<\/span><\/span><\/span><\/span><\/p>\n<p align=\"left\">\u00c0s 16 horas de hoje est\u00e1 prevista, em frente da Catedral Nossa Senhora de Lourdes, uma breve homenagem dos padres, que seguir\u00e3o o cortejo at\u00e9 o Cemit\u00e9rio Cristo Rei.<\/p>\n","protected":false},"excerpt":{"rendered":"<p>O religioso tinha 71 anos, estava internado na UTI do Hospital da Provid\u00eancia e faleceu na manh\u00e3 de hoje por conta de complica\u00e7\u00f5es da Covid-19.<\/p>\n","protected":false},"author":4,"featured_media":41074,"comment_status":"closed","ping_status":"open","sticky":false,"template":"","format":"standard","meta":{"footnotes":""},"categories":[24],"tags":[],"class_list":["post-41073","post","type-post","status-publish","format-standard","has-post-thumbnail","hentry","category-noticias"],"acf":[],"_links":{"self":[{"href":"http:\/\/www.apucarana.pr.gov.br\/site\/wp-json\/wp\/v2\/posts\/41073","targetHints":{"allow":["GET"]}}],"collection":[{"href":"http:\/\/www.apucarana.pr.gov.br\/site\/wp-json\/wp\/v2\/posts"}],"about":[{"href":"http:\/\/www.apucarana.pr.gov.br\/site\/wp-json\/wp\/v2\/types\/post"}],"author":[{"embeddable":true,"href":"http:\/\/www.apucarana.pr.gov.br\/site\/wp-json\/wp\/v2\/users\/4"}],"replies":[{"embeddable":true,"href":"http:\/\/www.apucarana.pr.gov.br\/site\/wp-json\/wp\/v2\/comments?post=41073"}],"version-history":[{"count":1,"href":"http:\/\/www.apucarana.pr.gov.br\/site\/wp-json\/wp\/v2\/posts\/41073\/revisions"}],"predecessor-version":[{"id":99010,"href":"http:\/\/www.apucarana.pr.gov.br\/site\/wp-json\/wp\/v2\/posts\/41073\/revisions\/99010"}],"wp:featuredmedia":[{"embeddable":true,"href":"http:\/\/www.apucarana.pr.gov.br\/site\/wp-json\/"}],"wp:attachment":[{"href":"http:\/\/www.apucarana.pr.gov.br\/site\/wp-json\/wp\/v2\/media?parent=41073"}],"wp:term":[{"taxonomy":"category","embeddable":true,"href":"http:\/\/www.apucarana.pr.gov.br\/site\/wp-json\/wp\/v2\/categories?post=41073"},{"taxonomy":"post_tag","embeddable":true,"href":"http:\/\/www.apucarana.pr.gov.br\/site\/wp-json\/wp\/v2\/tags?post=41073"}],"curies":[{"name":"wp","href":"https:\/\/api.w.org\/{rel}","templated":true}]}}