{"id":41062,"date":"2021-03-23T20:05:46","date_gmt":"2021-03-23T23:05:46","guid":{"rendered":"http:\/\/www.apucarana.pr.gov.br\/site\/?p=41062"},"modified":"2024-10-08T09:22:34","modified_gmt":"2024-10-08T12:22:34","slug":"secretaria-maria-agar-vai-compor-o-conselho-de-cultura-do-parana","status":"publish","type":"post","link":"http:\/\/www.apucarana.pr.gov.br\/site\/secretaria-maria-agar-vai-compor-o-conselho-de-cultura-do-parana\/","title":{"rendered":"Secret\u00e1ria Maria Agar vai compor o Conselho de Cultura do Paran\u00e1"},"content":{"rendered":"<p>A professora Maria Agar Borba, titular da Secretaria Municipal da Promo\u00e7\u00e3o Art\u00edstica, Cultural e Tur\u00edstica de Apucarana (Promatur), acaba de ser nomeada para assumir uma vaga no Conselho de Cultura do Paran\u00e1. \u201cEstamos felizes e orgulhosos pelo reconhecimento do trabalho realizado por Apucarana nesta \u00e1rea, sob o comando da Maria Agar\u201d, afirma o prefeito Junior da Femac.<\/p>\n<p>Segundo ele, o convite foi oficialmente apresentado pela presidente do Conselho de Cultura do Paran\u00e1, Luciana Casagrande. \u201cApucarana vem se destacando com a sua Escola de Artes, com uma excelente estrutura f\u00edsica, de equipamentos e de professores. Isso tudo viabiliza o acesso a todas as faixas da popula\u00e7\u00e3o na oferta de aulas de dan\u00e7a, teatro, m\u00fasica e artes pl\u00e1sticas\u201d, avaliou Junior da Femac.<\/p>\n<p>A secret\u00e1ria Maria Agar lembra que Apucarana tamb\u00e9m apresentou recentemente um \u00f3timo desempenho na libera\u00e7\u00e3o de recursos pela Lei Aldir Blanc. \u201cConseguimos contemplar 292 artistas, com o repasse de R$ 932 mil\u201d, lembrou Maria Agar, acrescentando que \u201cem Apucarana a cultura est\u00e1 acontecendo com o efetivo acesso de crian\u00e7as e jovens \u00e0s atividades ofertadas\u201d.<\/p>\n","protected":false},"excerpt":{"rendered":"<p>Convite foi oficialmente apresentado pela presidente do Conselho de Cultura do Paran\u00e1, Luciana Casagrande (Foto: PMA\/arquivo)<\/p>\n","protected":false},"author":4,"featured_media":41065,"comment_status":"closed","ping_status":"open","sticky":false,"template":"","format":"standard","meta":{"footnotes":""},"categories":[24],"tags":[],"class_list":["post-41062","post","type-post","status-publish","format-standard","has-post-thumbnail","hentry","category-noticias"],"acf":[],"_links":{"self":[{"href":"http:\/\/www.apucarana.pr.gov.br\/site\/wp-json\/wp\/v2\/posts\/41062","targetHints":{"allow":["GET"]}}],"collection":[{"href":"http:\/\/www.apucarana.pr.gov.br\/site\/wp-json\/wp\/v2\/posts"}],"about":[{"href":"http:\/\/www.apucarana.pr.gov.br\/site\/wp-json\/wp\/v2\/types\/post"}],"author":[{"embeddable":true,"href":"http:\/\/www.apucarana.pr.gov.br\/site\/wp-json\/wp\/v2\/users\/4"}],"replies":[{"embeddable":true,"href":"http:\/\/www.apucarana.pr.gov.br\/site\/wp-json\/wp\/v2\/comments?post=41062"}],"version-history":[{"count":1,"href":"http:\/\/www.apucarana.pr.gov.br\/site\/wp-json\/wp\/v2\/posts\/41062\/revisions"}],"predecessor-version":[{"id":99011,"href":"http:\/\/www.apucarana.pr.gov.br\/site\/wp-json\/wp\/v2\/posts\/41062\/revisions\/99011"}],"wp:featuredmedia":[{"embeddable":true,"href":"http:\/\/www.apucarana.pr.gov.br\/site\/wp-json\/"}],"wp:attachment":[{"href":"http:\/\/www.apucarana.pr.gov.br\/site\/wp-json\/wp\/v2\/media?parent=41062"}],"wp:term":[{"taxonomy":"category","embeddable":true,"href":"http:\/\/www.apucarana.pr.gov.br\/site\/wp-json\/wp\/v2\/categories?post=41062"},{"taxonomy":"post_tag","embeddable":true,"href":"http:\/\/www.apucarana.pr.gov.br\/site\/wp-json\/wp\/v2\/tags?post=41062"}],"curies":[{"name":"wp","href":"https:\/\/api.w.org\/{rel}","templated":true}]}}