{"id":41056,"date":"2021-03-23T18:33:13","date_gmt":"2021-03-23T21:33:13","guid":{"rendered":"http:\/\/www.apucarana.pr.gov.br\/site\/?p=41056"},"modified":"2024-10-08T09:22:34","modified_gmt":"2024-10-08T12:22:34","slug":"palestra-sobre-educacao-inclusiva-amplia-conhecimento-de-professores-e-pais-de-alunos","status":"publish","type":"post","link":"http:\/\/www.apucarana.pr.gov.br\/site\/palestra-sobre-educacao-inclusiva-amplia-conhecimento-de-professores-e-pais-de-alunos\/","title":{"rendered":"Palestra sobre educa\u00e7\u00e3o inclusiva amplia conhecimento de professores e pais de alunos"},"content":{"rendered":"<p>O Dia Internacional da S\u00edndrome de Down \u00e9 celebrado anualmente em 21 de mar\u00e7o. Com o objetivo de ampliar os conhecimentos dos professores, dos pais de alunos e da comunidade apucaranense sobre o tema, a Autarquia Municipal de Educa\u00e7\u00e3o e a Associa\u00e7\u00e3o Download promoveram, nesta ter\u00e7a-feira (23\/3), a palestra \u2018Educa\u00e7\u00e3o e inclus\u00e3o: entendimento, proposi\u00e7\u00f5es e pr\u00e1ticas do Atendimento Educacional Especializado\u2019.<\/p>\n<p>A confer\u00eancia foi ministrada pela professora Martinha Clarete Dutra dos Santos, que \u00e9 doutora em Educa\u00e7\u00e3o pela Universidade Estadual de Campinas (Unicamp). Devido \u00e0 pandemia de Covid-19, o evento foi transmitido pelo canal da Autarquia Municipal de Educa\u00e7\u00e3o no Youtube e assistido por mais de 200 espectadores.<\/p>\n<p>O prefeito Junior da Femac participou da abertura da programa\u00e7\u00e3o. Segundo ele, a inclus\u00e3o das pessoas com necessidades especiais na sociedade apucaranense \u00e9 um dos pilares da sua administra\u00e7\u00e3o. \u201cTodos os cidad\u00e3os s\u00e3o importantes e ningu\u00e9m pode ser deixado para tr\u00e1s. Esse \u00e9 o lema que perpassa as pol\u00edticas p\u00fablicas que desenvolvemos no munic\u00edpio, desde a constru\u00e7\u00e3o de rampas de acessibilidade nas ruas at\u00e9 o acolhimento e atendimento especializados que s\u00e3o feitos nas nossas secretarias, em especial de Educa\u00e7\u00e3o e de Assist\u00eancia Social\u201d, disse.<\/p>\n<p>\u201cA forma\u00e7\u00e3o continuada dos professores e o entrosamento entre fam\u00edlia e escola s\u00e3o condi\u00e7\u00f5es imprescind\u00edveis para garantirmos que os alunos com necessidades especiais sejam inclu\u00eddos no ensino regular e possam desenvolver ao m\u00e1ximo o seu potencial. Por isso, a Autarquia Municipal de Educa\u00e7\u00e3o realiza momentos como este regularmente. Na palestra de hoje, entre outros assuntos, a doutora Martinha abordou a defini\u00e7\u00e3o, os objetivos, os fundamentos legais, pol\u00edticos e pedag\u00f3gicos, e a organiza\u00e7\u00e3o nos diversos n\u00edveis do Atendimento Educacional Especializado na perspectiva da educa\u00e7\u00e3o inclusiva,\u201d afirmou a secret\u00e1ria municipal de educa\u00e7\u00e3o, Marli Fernandes.<\/p>\n<p>Aproximadamente 550 alunos com necessidades especiais est\u00e3o matriculados atualmente nos centros infantis (CMEIs) e escolas da rede municipal de Apucarana. Eles recebem todo o suporte de que necessitam por meio do Centro de Apoio Multiprofissional ao Escolar (CAME), \u00f3rg\u00e3o ligado \u00e0 Autarquia Municipal de Educa\u00e7\u00e3o.<\/p>\n<p>\u201cO atendimento varia de acordo com a necessidade do aluno. Ele pode receber desde o acompanhamento de um professor de apoio ou int\u00e9rprete de Libras at\u00e9 a matr\u00edcula em Salas de Recursos Multifuncionais ou Classes Especiais,\u201d detalhou a diretora do CAME, L\u00e9ia Sofia Viale.<\/p>\n<p>A vice-presidente da Associa\u00e7\u00e3o Download, Liana Bassi, agradeceu o apoio da Prefeitura de Apucarana e da Autarquia Municipal de Educa\u00e7\u00e3o na realiza\u00e7\u00e3o da programa\u00e7\u00e3o alusiva ao Dia Internacional da S\u00edndrome de Down. \u201cQuando fomos ao seu gabinete para apresentar o projeto, o prefeito Junior da Femac nos atendeu prontamente, sugeriu que ampli\u00e1ssemos as a\u00e7\u00f5es previstas e colocou-se \u00e0 nossa disposi\u00e7\u00e3o. A Associa\u00e7\u00e3o Download foi criada h\u00e1 tr\u00eas anos e re\u00fane atualmente cerca de sessenta fam\u00edlias apucaranenses, que t\u00eam v\u00ednculos com pessoas com S\u00edndrome de Down,\u201d recordou.<\/p>\n<p>A palestra \u2018Educa\u00e7\u00e3o e inclus\u00e3o: entendimento, proposi\u00e7\u00f5es e pr\u00e1ticas do Atendimento Educacional Especializado\u2019 est\u00e1 dispon\u00edvel no endere\u00e7o: <a href=\"https:\/\/www.youtube.com\/watch?v=aGbyYv7LcUk&amp;feature=youtu.be&amp;fbclid=IwAR10_LUK7eWcjZqvnpCweDiL9pmPOM7BPP4IzPa7A5HObskthDtTCOeJkNo\">https:\/\/www.youtube.com\/watch?v=aGbyYv7LcUk&amp;feature=youtu.be<\/a>.<\/p>\n","protected":false},"excerpt":{"rendered":"<p>Promovida pela Autarquia Municipal de Educa\u00e7\u00e3o e a Associa\u00e7\u00e3o Download, a confer\u00eancia marcou a passagem do Dia Internacional da S\u00edndrome de Down (21\/3)<\/p>\n","protected":false},"author":4,"featured_media":41060,"comment_status":"closed","ping_status":"open","sticky":false,"template":"","format":"standard","meta":{"footnotes":""},"categories":[24],"tags":[43,44,45,39,46],"class_list":["post-41056","post","type-post","status-publish","format-standard","has-post-thumbnail","hentry","category-noticias","tag-educacao-especial","tag-ensino-publico","tag-inclusao","tag-prefeitura-de-apucarana","tag-sindrome-de-down"],"acf":[],"_links":{"self":[{"href":"http:\/\/www.apucarana.pr.gov.br\/site\/wp-json\/wp\/v2\/posts\/41056","targetHints":{"allow":["GET"]}}],"collection":[{"href":"http:\/\/www.apucarana.pr.gov.br\/site\/wp-json\/wp\/v2\/posts"}],"about":[{"href":"http:\/\/www.apucarana.pr.gov.br\/site\/wp-json\/wp\/v2\/types\/post"}],"author":[{"embeddable":true,"href":"http:\/\/www.apucarana.pr.gov.br\/site\/wp-json\/wp\/v2\/users\/4"}],"replies":[{"embeddable":true,"href":"http:\/\/www.apucarana.pr.gov.br\/site\/wp-json\/wp\/v2\/comments?post=41056"}],"version-history":[{"count":1,"href":"http:\/\/www.apucarana.pr.gov.br\/site\/wp-json\/wp\/v2\/posts\/41056\/revisions"}],"predecessor-version":[{"id":99012,"href":"http:\/\/www.apucarana.pr.gov.br\/site\/wp-json\/wp\/v2\/posts\/41056\/revisions\/99012"}],"wp:featuredmedia":[{"embeddable":true,"href":"http:\/\/www.apucarana.pr.gov.br\/site\/wp-json\/"}],"wp:attachment":[{"href":"http:\/\/www.apucarana.pr.gov.br\/site\/wp-json\/wp\/v2\/media?parent=41056"}],"wp:term":[{"taxonomy":"category","embeddable":true,"href":"http:\/\/www.apucarana.pr.gov.br\/site\/wp-json\/wp\/v2\/categories?post=41056"},{"taxonomy":"post_tag","embeddable":true,"href":"http:\/\/www.apucarana.pr.gov.br\/site\/wp-json\/wp\/v2\/tags?post=41056"}],"curies":[{"name":"wp","href":"https:\/\/api.w.org\/{rel}","templated":true}]}}