{"id":41051,"date":"2021-03-23T17:46:28","date_gmt":"2021-03-23T20:46:28","guid":{"rendered":"http:\/\/www.apucarana.pr.gov.br\/site\/?p=41051"},"modified":"2024-10-08T09:22:34","modified_gmt":"2024-10-08T12:22:34","slug":"apucarana-vacina-idosos-de-74-anos-na-quinta-feira","status":"publish","type":"post","link":"http:\/\/www.apucarana.pr.gov.br\/site\/apucarana-vacina-idosos-de-74-anos-na-quinta-feira\/","title":{"rendered":"Apucarana vacina idosos de 74 anos na quinta-feira"},"content":{"rendered":"<p>A partir desta quinta-feira (25\/03) a Autarquia Municipal de Sa\u00fade (AMS) de Apucarana inicia de forma escalonada a vacina\u00e7\u00e3o dos idosos de 74, 73 e 72 anos. Essa nova etapa da imuniza\u00e7\u00e3o contra a Covid-19 no munic\u00edpio tamb\u00e9m contar\u00e1 com novos postos de vacina\u00e7\u00e3o, descentralizando o atendimento que vinha sendo feito somente atrav\u00e9s do sistema drive-thru no estacionamento do Gin\u00e1sio Lago\u00e3o.<br \/>\nAp\u00f3s se reunir com a dire\u00e7\u00e3o da AMS, o prefeito Junior da Femac detalhou a estrat\u00e9gia de vacina\u00e7\u00e3o entre os dias 25 e 28 de mar\u00e7o. \u201cNesta quinta-feira (25) ser\u00e3o vacinados idosos de 74 anos; na sexta-feira (26), os de 73 anos; no s\u00e1bado (27), os de 72 anos\u201d, informa Junior da Femac.<br \/>\nA vacina\u00e7\u00e3o nestes tr\u00eas dias ser\u00e1 realizada no Gin\u00e1sio Lago\u00e3o pelo sistema drive-thru, entre 8h30 e 17horas e ainda em outros quatro pontos. S\u00e3o as Unidades B\u00e1sicas de Sa\u00fade (UBSs) Maria do Caf\u00e9, no Jardim Ponta Grossa; Antonio Sachelli, no Jardim Colonial; Walter Lazarini, no distrito do Pirap\u00f3; Pedro Barreto, e no distrito da Vila Reis. A imuniza\u00e7\u00e3o nas UBSs, no entanto, ter\u00e1 hor\u00e1rio diferenciado, entre 8h30 e 15h30.<br \/>\n\u201cNas UBSs do Jardim Colonial e do Jardim Ponta Grossa a vacina\u00e7\u00e3o tamb\u00e9m ser\u00e1 feita pelo sistema trive-thru, enquanto que no Pirap\u00f3 e Vila Reis vai acontecer dentro das UBSs\u201d, explica Junior da Femac.<br \/>\nNo domingo (28), a imuniza\u00e7\u00e3o vai se concentrar no Lago\u00e3o, entre 8h30 e 13 horas, para atender aquelas pessoas de 72 a 74 anos que ainda n\u00e3o tiveram a oportunidade de se vacinar. O atendimento ser\u00e1 pelo drive-thru e tamb\u00e9m na entrada do gin\u00e1sio para aqueles que chegarem ao local a p\u00e9.<br \/>\nApucarana recebeu uma remessa de 4.810 doses da vacina na segunda-feira \u00e0 tarde. Nesta ter\u00e7a-feira e quarta-feira a sa\u00fade de Apucarana deu continuidade, no estacionamento do Lago\u00e3o, da vacina\u00e7\u00e3o de idosos de 75,76 e 77 anos, que havia sido suspensa no s\u00e1bado por falta de doses.<br \/>\nA Autarquia Muinicipal de Sa\u00fade lembra que \u00e9 necess\u00e1rio apresentar o cart\u00e3o do SUS ou CPF e um documento com foto no momento da vacina\u00e7\u00e3o.<\/p>\n","protected":false},"excerpt":{"rendered":"<p>Na sexta-feira ser\u00e1 a vez das pessoas de 73 anos e no s\u00e1bado as de 72 anos<\/p>\n","protected":false},"author":4,"featured_media":41052,"comment_status":"closed","ping_status":"open","sticky":false,"template":"","format":"standard","meta":{"footnotes":""},"categories":[24],"tags":[],"class_list":["post-41051","post","type-post","status-publish","format-standard","has-post-thumbnail","hentry","category-noticias"],"acf":[],"_links":{"self":[{"href":"http:\/\/www.apucarana.pr.gov.br\/site\/wp-json\/wp\/v2\/posts\/41051","targetHints":{"allow":["GET"]}}],"collection":[{"href":"http:\/\/www.apucarana.pr.gov.br\/site\/wp-json\/wp\/v2\/posts"}],"about":[{"href":"http:\/\/www.apucarana.pr.gov.br\/site\/wp-json\/wp\/v2\/types\/post"}],"author":[{"embeddable":true,"href":"http:\/\/www.apucarana.pr.gov.br\/site\/wp-json\/wp\/v2\/users\/4"}],"replies":[{"embeddable":true,"href":"http:\/\/www.apucarana.pr.gov.br\/site\/wp-json\/wp\/v2\/comments?post=41051"}],"version-history":[{"count":1,"href":"http:\/\/www.apucarana.pr.gov.br\/site\/wp-json\/wp\/v2\/posts\/41051\/revisions"}],"predecessor-version":[{"id":99013,"href":"http:\/\/www.apucarana.pr.gov.br\/site\/wp-json\/wp\/v2\/posts\/41051\/revisions\/99013"}],"wp:featuredmedia":[{"embeddable":true,"href":"http:\/\/www.apucarana.pr.gov.br\/site\/wp-json\/"}],"wp:attachment":[{"href":"http:\/\/www.apucarana.pr.gov.br\/site\/wp-json\/wp\/v2\/media?parent=41051"}],"wp:term":[{"taxonomy":"category","embeddable":true,"href":"http:\/\/www.apucarana.pr.gov.br\/site\/wp-json\/wp\/v2\/categories?post=41051"},{"taxonomy":"post_tag","embeddable":true,"href":"http:\/\/www.apucarana.pr.gov.br\/site\/wp-json\/wp\/v2\/tags?post=41051"}],"curies":[{"name":"wp","href":"https:\/\/api.w.org\/{rel}","templated":true}]}}