{"id":3997,"date":"2016-06-13T08:51:00","date_gmt":"2016-06-13T08:51:00","guid":{"rendered":"http:\/\/172.16.0.7\/site-antigo\/?p=3997"},"modified":"2024-10-08T09:13:28","modified_gmt":"2024-10-08T12:13:28","slug":"indice-de-diabetes-e-hipertensao-e-alto-em-distritos-rurais","status":"publish","type":"post","link":"http:\/\/www.apucarana.pr.gov.br\/site\/indice-de-diabetes-e-hipertensao-e-alto-em-distritos-rurais\/","title":{"rendered":"&#205;ndice de diabetes e hipertens\u00e3o \u00e9 alto em distritos rurais"},"content":{"rendered":"<\/p>\n<p>Uma atividade levada a moradores da zona rural dos distritos de S\u00e3o Pedro do Taquara e Correia de Freitas trouxe um resultado preocupante: \u00e9 alto o n\u00famero de casos de hipertens\u00e3o e diabetes, inclusive entre crian\u00e7as. Denominada de Sa\u00fade em A\u00e7\u00e3o, a atividade foi coordenada pela enfermeira Elis&acirc;ngela Volante, da UBS M\u00e1rio Verussa, de Correia de Freitas, com a participa\u00e7\u00e3o de integrantes do N\u00facleo de Apoio Sa\u00fade da Fam\u00edlia e Estrat\u00e9gia Sa\u00fade da Fam\u00edlia; e acompanhada pelo cl\u00ednico geral Paulo Maistro. Al\u00e9m da coleta de material nos testes r\u00e1pidos de glicemia e medi\u00e7\u00e3o de press\u00e3o arterial, os pacientes participaram de caf\u00e9 da manh\u00e3, bingo e brincadeiras para as crian\u00e7as. Tamb\u00e9m foi realizada atividade f\u00edsica e palestra sobre educa\u00e7\u00e3o alimentar.<br \/><span style=\"letter-spacing: -0.02em; line-height: 1.45em; background-color: initial;\"><br \/>De acordo com Elis&acirc;ngela Volante, o resultado do &ldquo;Sa\u00fade em A\u00e7\u00e3o&rdquo; foi bastante positivo e indica a necessidade de uma aten\u00e7\u00e3o mais intensa junto aos pacientes dos dois distritos rurais. &ldquo;O que se verificou, durante os atendimentos, foi que muitas pessoas desconheciam serem hipertensas ou diab\u00e9ticas, inclusive crian\u00e7as, requerendo uma aten\u00e7\u00e3o especial a estes pacientes&rdquo;, relata a enfermeira. Ela apresentou os resultados ao m\u00e9dico Paulo Maistro e a partir de agora um plano de a\u00e7\u00e3o ser\u00e1 elaborado, para ampliar a avalia\u00e7\u00e3o de cada paciente.<\/span><\/p>\n<p>Em um primeiro momento, ser\u00e1 determinada a realiza\u00e7\u00e3o de exames laboratoriais, com vistas a um diagn\u00f3stico mais preciso sobre o estado de sa\u00fade dos consultados durante a atividade. &ldquo;Estes pacientes, que apresentaram os quadros de hipertens\u00e3o e diabetes, ser\u00e3o avaliados com maior rigor, para que se possa definir o tratamento especifico, com vistas ao controle das doen\u00e7as&rdquo;, explica a enfermeira. <\/p>\n<p>  O Sa\u00fade em A\u00e7\u00e3o, conforme ficou definido pela dire\u00e7\u00e3o da UBS e coordena\u00e7\u00e3o do Estrat\u00e9gia de Sa\u00fade da Fam\u00edlia da Autarquia Municipal de Sa\u00fade de Apucarana, ser\u00e1 realizado uma vez por m\u00eas nos distritos do Correia de Freitas e S\u00e3o Pedro do Taquara. Haver\u00e1, a partir das avalia\u00e7\u00f5es dos resultados alcan\u00e7ados na primeira atividade, a necessidade da amplia\u00e7\u00e3o dos atendimentos. J\u00e1 se estuda a possibilidade da participa\u00e7\u00e3o de integrantes da resid\u00eancia multiprofissional e de outros setores da Autarquia Municipal de Sa\u00fade.<\/p>\n","protected":false},"excerpt":{"rendered":"<p>O resultado alcan&ccedil;a os moradores de Correia de Freitas e S&atilde;o Pedro do Taquara<\/p>\n","protected":false},"author":4,"featured_media":0,"comment_status":"closed","ping_status":"closed","sticky":false,"template":"","format":"standard","meta":{"footnotes":""},"categories":[24],"tags":[],"class_list":["post-3997","post","type-post","status-publish","format-standard","hentry","category-noticias"],"acf":[],"_links":{"self":[{"href":"http:\/\/www.apucarana.pr.gov.br\/site\/wp-json\/wp\/v2\/posts\/3997","targetHints":{"allow":["GET"]}}],"collection":[{"href":"http:\/\/www.apucarana.pr.gov.br\/site\/wp-json\/wp\/v2\/posts"}],"about":[{"href":"http:\/\/www.apucarana.pr.gov.br\/site\/wp-json\/wp\/v2\/types\/post"}],"author":[{"embeddable":true,"href":"http:\/\/www.apucarana.pr.gov.br\/site\/wp-json\/wp\/v2\/users\/4"}],"replies":[{"embeddable":true,"href":"http:\/\/www.apucarana.pr.gov.br\/site\/wp-json\/wp\/v2\/comments?post=3997"}],"version-history":[{"count":1,"href":"http:\/\/www.apucarana.pr.gov.br\/site\/wp-json\/wp\/v2\/posts\/3997\/revisions"}],"predecessor-version":[{"id":102883,"href":"http:\/\/www.apucarana.pr.gov.br\/site\/wp-json\/wp\/v2\/posts\/3997\/revisions\/102883"}],"wp:attachment":[{"href":"http:\/\/www.apucarana.pr.gov.br\/site\/wp-json\/wp\/v2\/media?parent=3997"}],"wp:term":[{"taxonomy":"category","embeddable":true,"href":"http:\/\/www.apucarana.pr.gov.br\/site\/wp-json\/wp\/v2\/categories?post=3997"},{"taxonomy":"post_tag","embeddable":true,"href":"http:\/\/www.apucarana.pr.gov.br\/site\/wp-json\/wp\/v2\/tags?post=3997"}],"curies":[{"name":"wp","href":"https:\/\/api.w.org\/{rel}","templated":true}]}}