{"id":3996,"date":"2016-06-10T16:39:00","date_gmt":"2016-06-10T16:39:00","guid":{"rendered":"http:\/\/172.16.0.7\/site-antigo\/?p=3996"},"modified":"2024-10-08T09:13:28","modified_gmt":"2024-10-08T12:13:28","slug":"educacao-realiza-formacao-continuada-de-professores","status":"publish","type":"post","link":"http:\/\/www.apucarana.pr.gov.br\/site\/educacao-realiza-formacao-continuada-de-professores\/","title":{"rendered":"Educa\u00e7\u00e3o realiza forma\u00e7\u00e3o continuada de professores"},"content":{"rendered":"<p><p>A Autarquia Municipal de Educa\u00e7\u00e3o promoveu, nesta sexta-feira (10\/06), forma\u00e7\u00e3o continuada para os mais de 700 professores e estagi\u00e1rios das escolas de sua rede. Na ocasi\u00e3o, os participantes estudaram a vers\u00e3o revisada da Base Nacional Comum Curricular que est\u00e1 sendo proposta pelo Minist\u00e9rio da Educa\u00e7\u00e3o.<\/p>\n<p>A atividade ocorreu em sete polos: Escola Municipal Jo\u00e3o Antonio Braga C&ocirc;rtes, Escola Municipal Professor Durval Pinto, Escola Municipal Karel Kober, Escola Municipal Mateus Leme, Escola Municipal Antonieta da Silva Lautenschlager, Escola Municipal Presidente M\u00e9dici e Escola Municipal Jos\u00e9 Brazil Camargo.<\/p>\n<p>Segundo a secret\u00e1ria municipal de educa\u00e7\u00e3o, professora Marli Fernandes, o calend\u00e1rio escolar prev\u00ea anualmente duas oportunidades para a forma\u00e7\u00e3o continuada dos docentes. &ldquo;Em 2016, os dias 10 de junho e 23 de setembro foram reservados para que os professores pudessem repensar suas pr\u00e1ticas em sala de aula. Al\u00e9m desses, ainda temos per\u00edodos destinados ao planejamento e replanejamento do ano escolar, respectivamente em janeiro e julho. A dispensa dos alunos nesses momentos n\u00e3o traz preju\u00edzos aos duzentos dias letivos,&rdquo; disse.<\/p>\n<p> <span>Ela ainda acrescenta que um curr\u00edculo municipal unificado vem sendo constru\u00eddo democraticamente h\u00e1 tr\u00eas anos pelos professores da rede. &ldquo;O objetivo \u00e9 garantir que todas as escolas ofertem um ensino equivalente e de qualidade \u00e0s crian\u00e7as apucaranenses. Como a grade de estudos elaborada pelos nossos educadores est\u00e1 muito bem fundamentada, creio que n\u00e3o teremos dificuldades para adequ\u00e1-la \u00e0 Base Nacional Comum Curricular,&rdquo; garantiu. <\/span><\/p>\n","protected":false},"excerpt":{"rendered":"<p>Na ocasi&atilde;o, os participantes estudaram a vers&atilde;o revisada da Base Nacional Comum Curricular que est&aacute; sendo proposta pelo Minist&eacute;rio da Educa&ccedil;&atilde;o.<\/p>\n","protected":false},"author":4,"featured_media":0,"comment_status":"closed","ping_status":"closed","sticky":false,"template":"","format":"standard","meta":{"footnotes":""},"categories":[24],"tags":[],"class_list":["post-3996","post","type-post","status-publish","format-standard","hentry","category-noticias"],"acf":[],"_links":{"self":[{"href":"http:\/\/www.apucarana.pr.gov.br\/site\/wp-json\/wp\/v2\/posts\/3996","targetHints":{"allow":["GET"]}}],"collection":[{"href":"http:\/\/www.apucarana.pr.gov.br\/site\/wp-json\/wp\/v2\/posts"}],"about":[{"href":"http:\/\/www.apucarana.pr.gov.br\/site\/wp-json\/wp\/v2\/types\/post"}],"author":[{"embeddable":true,"href":"http:\/\/www.apucarana.pr.gov.br\/site\/wp-json\/wp\/v2\/users\/4"}],"replies":[{"embeddable":true,"href":"http:\/\/www.apucarana.pr.gov.br\/site\/wp-json\/wp\/v2\/comments?post=3996"}],"version-history":[{"count":1,"href":"http:\/\/www.apucarana.pr.gov.br\/site\/wp-json\/wp\/v2\/posts\/3996\/revisions"}],"predecessor-version":[{"id":102885,"href":"http:\/\/www.apucarana.pr.gov.br\/site\/wp-json\/wp\/v2\/posts\/3996\/revisions\/102885"}],"wp:attachment":[{"href":"http:\/\/www.apucarana.pr.gov.br\/site\/wp-json\/wp\/v2\/media?parent=3996"}],"wp:term":[{"taxonomy":"category","embeddable":true,"href":"http:\/\/www.apucarana.pr.gov.br\/site\/wp-json\/wp\/v2\/categories?post=3996"},{"taxonomy":"post_tag","embeddable":true,"href":"http:\/\/www.apucarana.pr.gov.br\/site\/wp-json\/wp\/v2\/tags?post=3996"}],"curies":[{"name":"wp","href":"https:\/\/api.w.org\/{rel}","templated":true}]}}