{"id":3995,"date":"2016-06-10T16:34:00","date_gmt":"2016-06-10T16:34:00","guid":{"rendered":"http:\/\/172.16.0.7\/site-antigo\/?p=3995"},"modified":"2024-10-08T09:13:28","modified_gmt":"2024-10-08T12:13:28","slug":"prefeitura-inaugura-capela-mortuaria-do-jardim-ponta-grossa","status":"publish","type":"post","link":"http:\/\/www.apucarana.pr.gov.br\/site\/prefeitura-inaugura-capela-mortuaria-do-jardim-ponta-grossa\/","title":{"rendered":"Prefeitura inaugura Capela Mortu\u00e1ria do Jardim Ponta Grossa"},"content":{"rendered":"<\/p>\n<p>O prefeito Beto Preto inaugurou ontem (9) a Capela Mortu\u00e1ria do Jardim Ponta Grossa. A obra acabou com os transtornos de moradores de pelo menos onze bairros daquela regi\u00e3o no momento de velar um ente querido, j\u00e1 que a alternativa era apenas a capela central. <\/p>\n<p><b><a href=\"http:\/\/apucarana.pr.gov.br\/radioapucarana\/?p=1018\" target=\"_blank\" rel=\"noopener\">Click e ou\u00e7a esta mat\u00e9ria<\/a><\/b><\/p>\n<p>Localizada na Avenida Central do Paran\u00e1, no prolongamento da Rua Dom Pedro II, ao lado da linha f\u00e9rrea, a Capela Mortu\u00e1ria do Jardim Ponta Grossa era reivindicada h\u00e1 mais de 20 anos envolvendo a mobiliza\u00e7\u00e3o da comunidade, atrav\u00e9s de associa\u00e7\u00f5es de moradores e outras lideran\u00e7as de bairros, bem como por religiosos das par\u00f3quias daquela regi\u00e3o. <\/p>\n<p>O padre da Claudir Goes Correa, da Par\u00f3quia Cristo Rei, classificou a obra como um empreendimento que atende de forma plena \u00e0 comunidade em geral. &ldquo;O sofrimento de ter que ir na capela central, seja por dificuldade de locomo\u00e7\u00e3o, falta tempo e mesmo condi\u00e7\u00e3o financeira, se arrastou por mais de 20 anos. Parab\u00e9ns ao prefeito Beto Preto pelo trabalho, por olhar para aqueles que necessitam, em especial no momento de dor&rdquo;, disse padre Claudir, lembrando que esteve pessoalmente junto ao atual prefeito refor\u00e7ando a necessidade da capela.<\/p>\n<p>Membro da diretoria da Associa\u00e7\u00e3o dos Moradores do Jardim Ponta Grossa e moradora do bairro h\u00e1 30 anos, Adelina Machado Barbosa diz que perdeu as contas das vezes que a comunidade se mobilizou ao longo de d\u00e9cadas para a constru\u00e7\u00e3o de um local para vel\u00f3rio. &ldquo;S\u00f3 quem passou por essa situa\u00e7\u00e3o, sabe como era dif\u00edcil ir \u00e0 capela central. &Agrave;s vezes por falta de dinheiro. Quando ia n\u00e3o podia ficar muito tempo. Agora conseguimos, a comunidade tem onde velar entes queridos mais perto de suas casas. O prefeito Beto Preto disse durante a campanha que iria atender as necessidades do nosso bairro e est\u00e1 cumprindo a promessa&rdquo;, destacou Adelina.<\/p>\n<p>Lideran\u00e7a no Jardim Am\u00e9rica, Cesar Saboia, lembra que a reivindica\u00e7\u00e3o da capela \u00e9 t\u00e3o antiga que muitos do que lutaram por ela n\u00e3o est\u00e3o presenciando a conquista. &ldquo;Muitos n\u00e3o est\u00e3o mais entre n\u00f3s. O prefeito Beto Preto est\u00e1 nos atendendo naquilo que necessitamos, incluindo agora esse grande benef\u00edcio da capela mortu\u00e1ria. Outras importantes obras est\u00e3o valorizando esta regi\u00e3o como a Pra\u00e7a do CEU e o Cisvir, entre outras. Deixamos de ser o outro lado da cidade. Hoje estamos integrados&rdquo;, comentou Saboia.<\/p>\n<p>O prefeito Beto Preto manifestou sua satisfa\u00e7\u00e3o em poder atender mais uma vez os anseios dos moradores do Jardim Ponta e regi\u00e3o. &ldquo;Estamos entregando a capela mortu\u00e1ria, um equipamento que era necess\u00e1rio \u00e9 que vai unir mais as fam\u00edlias, dar conforto aqueles que est\u00e3o num momento dif\u00edcil da perda de um ente querido. Parab\u00e9ns a todos os bairros dessa regi\u00e3o. Vamos continuar trabalhando para fazer de Apucarana uma cidade cada vez mais solid\u00e1ria&rdquo;, afirmou Beto Preto. Ele lembrou que em breve tamb\u00e9m ser\u00e1 conclu\u00edda a constru\u00e7\u00e3o da capela mortu\u00e1ria no Distrito de Vila Reis. &ldquo;Outra comunidade que passa pela mesma situa\u00e7\u00e3o em que se encontrava o Jardim Ponta Grossa e imedia\u00e7\u00f5es, mas que logo tamb\u00e9m ter\u00e1 este equipamento \u00e0 disposi\u00e7\u00e3o&rdquo;, complementou o prefeito.<\/p>\n<p>O presidente da C&acirc;mara Municipal, Jos\u00e9 Airton Deco de Ara\u00fajo, lembrou que o terreno onde foi constru\u00edda a capela havia isso doado, em outra administra\u00e7\u00e3o municipal, para Unifrango. &ldquo;Mas como n\u00e3o foi cumprida a finalidade, o prefeito Beto Preto reverteu \u00e0 doa\u00e7\u00e3o em favor da comunidade&rdquo;, observou Deco. <\/p>\n<p>O pr\u00e9dio da capela, de 158 metros de \u00e1rea, inclui hall de entrada, sala de vel\u00f3rio, varandas externas, sala de estar, copa, dep\u00f3sito e sanit\u00e1rios adaptados para portadores de necessidades especiais. A obra absorveu R$ 190.582,97 de recursos pr\u00f3prios e ser\u00e1 administrada pela Autarquia dos Servi\u00e7os Funer\u00e1rios de Apucarana (Aserfa). <\/p>\n<p>Al\u00e9m do Jardim Ponta Grossa, a capela entregue a comunidade ontem vai beneficiar ainda fam\u00edlias de bairros como Marcos Freire, Vale Verde, Alvorada, Ouro Verde, os jardins Am\u00e9rica, Mercadante, Diamantina e o Marissol, al\u00e9m do Sanches dos Santos, Mathias Hoffman, Recanto Mundo Novo e adjac\u00eancias.<\/p>\n<p><\/p>\n","protected":false},"excerpt":{"rendered":"<p>Obra, esperada h&aacute; 20 anos, atende uma regi&atilde;o compreendida por pelo menos 11 bairros<\/p>\n","protected":false},"author":4,"featured_media":0,"comment_status":"closed","ping_status":"closed","sticky":false,"template":"","format":"standard","meta":{"footnotes":""},"categories":[24],"tags":[],"class_list":["post-3995","post","type-post","status-publish","format-standard","hentry","category-noticias"],"acf":[],"_links":{"self":[{"href":"http:\/\/www.apucarana.pr.gov.br\/site\/wp-json\/wp\/v2\/posts\/3995","targetHints":{"allow":["GET"]}}],"collection":[{"href":"http:\/\/www.apucarana.pr.gov.br\/site\/wp-json\/wp\/v2\/posts"}],"about":[{"href":"http:\/\/www.apucarana.pr.gov.br\/site\/wp-json\/wp\/v2\/types\/post"}],"author":[{"embeddable":true,"href":"http:\/\/www.apucarana.pr.gov.br\/site\/wp-json\/wp\/v2\/users\/4"}],"replies":[{"embeddable":true,"href":"http:\/\/www.apucarana.pr.gov.br\/site\/wp-json\/wp\/v2\/comments?post=3995"}],"version-history":[{"count":1,"href":"http:\/\/www.apucarana.pr.gov.br\/site\/wp-json\/wp\/v2\/posts\/3995\/revisions"}],"predecessor-version":[{"id":102886,"href":"http:\/\/www.apucarana.pr.gov.br\/site\/wp-json\/wp\/v2\/posts\/3995\/revisions\/102886"}],"wp:attachment":[{"href":"http:\/\/www.apucarana.pr.gov.br\/site\/wp-json\/wp\/v2\/media?parent=3995"}],"wp:term":[{"taxonomy":"category","embeddable":true,"href":"http:\/\/www.apucarana.pr.gov.br\/site\/wp-json\/wp\/v2\/categories?post=3995"},{"taxonomy":"post_tag","embeddable":true,"href":"http:\/\/www.apucarana.pr.gov.br\/site\/wp-json\/wp\/v2\/tags?post=3995"}],"curies":[{"name":"wp","href":"https:\/\/api.w.org\/{rel}","templated":true}]}}