{"id":3994,"date":"2016-06-10T15:09:00","date_gmt":"2016-06-10T15:09:00","guid":{"rendered":"http:\/\/172.16.0.7\/site-antigo\/?p=3994"},"modified":"2024-10-08T09:13:28","modified_gmt":"2024-10-08T12:13:28","slug":"parceria-vai-ajudar-familias-endividadas-de-apucarana","status":"publish","type":"post","link":"http:\/\/www.apucarana.pr.gov.br\/site\/parceria-vai-ajudar-familias-endividadas-de-apucarana\/","title":{"rendered":"Parceria vai ajudar fam\u00edlias endividadas de Apucarana"},"content":{"rendered":"<\/p>\n<p><span style=\"letter-spacing: -0.02em; line-height: 1.45em; background-color: initial;\">Em tempos de crise econ&ocirc;mica, cresce exponencialmente em todo o Brasil o n\u00famero de pessoas em dificuldades financeiras. De 21 a 27 de junho, apucaranenses que desejarem aprender t\u00e9cnicas de como melhor administrar o or\u00e7amento familiar poder\u00e3o efetivar inscri\u00e7\u00e3o junto ao processo seletivo do curso &ldquo;Educa\u00e7\u00e3o Financeira para Fam\u00edlias&rdquo;.<\/span><\/p>\n<p><b><span style=\"letter-spacing: -0.02em; line-height: 1.45em; background-color: initial;\"><a href=\"http:\/\/apucarana.pr.gov.br\/radioapucarana\/?p=1031\" target=\"_blank\" rel=\"noopener\">Click e ou\u00e7a esta mat\u00e9ria<\/a><\/span><\/b><\/p>\n<p><span style=\"letter-spacing: -0.02em; line-height: 1.45em; background-color: initial;\">A iniciativa \u00e9 uma parceria do Procon Apucarana e da Universidade Estadual do Paran\u00e1 (Unespar\/Apucarana), cujo conv\u00eanio foi oficializado nesta sexta-feira (10\/06), em ato na sede do Procon, pelo coordenador-geral do \u00f3rg\u00e3o Robson de Souza Cruz e pela professora Mestre T&acirc;nia Terezinha Rissa de Souza, do Colegiado de Economia. &ldquo;Pesquisas revelam que atualmente 60% das fam\u00edlias brasileiras possuem d\u00edvidas, ent\u00e3o acreditamos ser este curso uma oportunidade valiosa para que apucaranenses possam aprender como melhor gerenciar seus recursos financeiros&rdquo;, diz Robson. Ele lembra que a Unespar Apucarana \u00e9 parceira do Procon tamb\u00e9m em outros projetos. &ldquo;Mantemos h\u00e1 tempos projeto que faz pesquisa de pre\u00e7os da cesta b\u00e1sica e dos combust\u00edveis&rdquo;, assinala.<br \/><\/span><span style=\"letter-spacing: -0.02em; line-height: 1.45em; background-color: initial;\"><br \/>O curso &ldquo;Educa\u00e7\u00e3o Financeira para Fam\u00edlias&rdquo; faz parte de projeto de extens\u00e3o desenvolvido pela professora T&acirc;nia e ter\u00e1 a participa\u00e7\u00e3o volunt\u00e1ria de alunos dos cursos de Economia, Secretariado Executivo e Administra\u00e7\u00e3o da Unespar Apucarana. &ldquo;A meta \u00e9 desenvolver um trabalho junto a fam\u00edlias que se encontram endividadas, motivando mudan\u00e7a de comportamento em rela\u00e7\u00e3o ao dinheiro e preparando-as para uma administra\u00e7\u00e3o financeira correta. Enfim, mostrar que \u00e9 poss\u00edvel gastar menos do que se ganha&rdquo;, explica professora T&acirc;nia.<br \/><\/span><span style=\"letter-spacing: -0.02em; line-height: 1.45em; background-color: initial;\"><br \/>As inscri\u00e7\u00f5es ser\u00e3o feitas de 21 a 27 de junho no Procon Apucarana. &ldquo;Por se tratar de um projeto-piloto, inicialmente vamos selecionar 10 fam\u00edlias. Dependendo do interesse da comunidade, vamos estudar a possibilidade de ampliarmos os trabalhos futuramente&rdquo;, diz a professora.<br \/><\/span><span style=\"letter-spacing: -0.02em; line-height: 1.45em; background-color: initial;\"><br \/>No ato de inscri\u00e7\u00e3o, al\u00e9m de documentos pessoais (RG e CPF), comprovante de resid\u00eancia, a pessoa dever\u00e1 informar dados de todos os integrantes da fam\u00edlia. &ldquo;Se a pessoa souber de antem\u00e3o os estabelecimentos e os valores que est\u00e1 devendo, tamb\u00e9m devem ser informados, para facilitar o trabalho de sele\u00e7\u00e3o&rdquo;, comenta Robson de Souza Cruz, coordenador-geral do Procon.<br \/><\/span><span style=\"letter-spacing: -0.02em; line-height: 1.45em; background-color: initial;\"><br \/>O in\u00edcio do curso est\u00e1 previsto para o dia 8 de julho e ter\u00e1 dura\u00e7\u00e3o de 180 dias. O curso ser\u00e1 desenvolvido atrav\u00e9s de palestras e encontros mensais no campus da Unespar e dever\u00e1 ser feito por todos os membros da fam\u00edlia. &ldquo;Entre os requisitos importantes para participar est\u00e1 a vontade. A pessoa precisa reconhecer que precisa de ajuda e isso tem que envolver a todos. N\u00e3o basta apenas o pai ou s\u00f3 a m\u00e3e, mas todos necessitam ter o mesmo ideal. S\u00f3 \u00e9 poss\u00edvel sair das d\u00edvidas se todos colaborarem&rdquo;, assinalou professora T&acirc;nia. Ela explica que o curso \u00e9 um trabalho que visa levar conscientiza\u00e7\u00e3o sobre a necessidade de mudan\u00e7as comportamentais em rela\u00e7\u00e3o \u00e0s finan\u00e7as familiares, que quando est\u00e1 com problemas (endividamento), acaba refletindo na sa\u00fade e rela\u00e7\u00f5es familiares, al\u00e9m de gerar implica\u00e7\u00f5es jur\u00eddicas que afetam todos os membros.<br \/><\/span><span style=\"letter-spacing: -0.02em; line-height: 1.45em; background-color: initial;\"><br \/>A equipe de acad\u00eamicos volunt\u00e1rios da Unespar Apucarana far\u00e1 acompanhamento e orienta\u00e7\u00e3o das fam\u00edlias no sentido de verificar se tais mudan\u00e7as est\u00e3o ocorrendo. Ao final do curso, o Procon ir\u00e1 realizar uma rodada de renegocia\u00e7\u00e3o de d\u00edvidas entre os participantes e as empresas credoras. A sede do Procon Apucarana, local das inscri\u00e7\u00f5es de 21 a 27 de junho, fica na <\/span><span style=\"letter-spacing: -0.02em; line-height: 1.45em; background-color: initial;\">Avenida Corifeu de Azevedo Marques, 424. O telefone de contato \u00e9 o 3425-2034.<\/span><\/p><\/p>\n","protected":false},"excerpt":{"rendered":"<p>As inscri&ccedil;&otilde;es para sele&ccedil;&atilde;o ao curso de &quot;Educa&ccedil;&atilde;o financeira para fam&iacute;lias&quot; ser&atilde;o feitas de 21 a 26 de junho no Procon Apucarana<\/p>\n","protected":false},"author":4,"featured_media":0,"comment_status":"closed","ping_status":"closed","sticky":false,"template":"","format":"standard","meta":{"footnotes":""},"categories":[24],"tags":[],"class_list":["post-3994","post","type-post","status-publish","format-standard","hentry","category-noticias"],"acf":[],"_links":{"self":[{"href":"http:\/\/www.apucarana.pr.gov.br\/site\/wp-json\/wp\/v2\/posts\/3994","targetHints":{"allow":["GET"]}}],"collection":[{"href":"http:\/\/www.apucarana.pr.gov.br\/site\/wp-json\/wp\/v2\/posts"}],"about":[{"href":"http:\/\/www.apucarana.pr.gov.br\/site\/wp-json\/wp\/v2\/types\/post"}],"author":[{"embeddable":true,"href":"http:\/\/www.apucarana.pr.gov.br\/site\/wp-json\/wp\/v2\/users\/4"}],"replies":[{"embeddable":true,"href":"http:\/\/www.apucarana.pr.gov.br\/site\/wp-json\/wp\/v2\/comments?post=3994"}],"version-history":[{"count":1,"href":"http:\/\/www.apucarana.pr.gov.br\/site\/wp-json\/wp\/v2\/posts\/3994\/revisions"}],"predecessor-version":[{"id":102887,"href":"http:\/\/www.apucarana.pr.gov.br\/site\/wp-json\/wp\/v2\/posts\/3994\/revisions\/102887"}],"wp:attachment":[{"href":"http:\/\/www.apucarana.pr.gov.br\/site\/wp-json\/wp\/v2\/media?parent=3994"}],"wp:term":[{"taxonomy":"category","embeddable":true,"href":"http:\/\/www.apucarana.pr.gov.br\/site\/wp-json\/wp\/v2\/categories?post=3994"},{"taxonomy":"post_tag","embeddable":true,"href":"http:\/\/www.apucarana.pr.gov.br\/site\/wp-json\/wp\/v2\/tags?post=3994"}],"curies":[{"name":"wp","href":"https:\/\/api.w.org\/{rel}","templated":true}]}}