{"id":3993,"date":"2016-06-10T19:30:00","date_gmt":"2016-06-10T19:30:00","guid":{"rendered":"http:\/\/172.16.0.7\/site-antigo\/?p=3993"},"modified":"2024-10-08T09:13:28","modified_gmt":"2024-10-08T12:13:28","slug":"odontologia-realiza-atendimentos-domiciliares","status":"publish","type":"post","link":"http:\/\/www.apucarana.pr.gov.br\/site\/odontologia-realiza-atendimentos-domiciliares\/","title":{"rendered":"Odontologia realiza atendimentos domiciliares"},"content":{"rendered":"<p><p>O Centro de Especialidades Odontol\u00f3gicas (CEO) da Autarquia Municipal de Sa\u00fade de Apucarana est\u00e1 realizando atendimentos domiciliares de pacientes acamados. No decorrer desta semana, duas situa\u00e7\u00f5es chamaram a aten\u00e7\u00e3o: no N\u00facleo Habitacional Dom Romeu Alberti, uma paciente precisou ser transportada de ambul&acirc;ncia de sua resid\u00eancia \u00e0 UBS Takaiti Myadi para tratamento dent\u00e1rio de emerg\u00eancia. J\u00e1 no Jardim Figueira, familiares de um paciente de 67 anos solicitaram a implanta\u00e7\u00e3o de uma pr\u00f3tese dent\u00e1ria. Neste caso, todos os procedimentos, desde o molde at\u00e9 o implante, foram realizados na casa do paciente.<br \/><span style=\"letter-spacing: -0.02em; background-color: initial;\"><br \/><span style=\"line-height: 1.45em;\">O atendimento de emerg\u00eancia no N\u00facleo Dom Romeu Alberti foi solicitado pela dentista Luciana Monteiro, a partir de uma visita domiciliar, atendendo a chamado de parentes da paciente. De acordo com a ficha de atendimento, a mulher, de 24 anos, estava acamada e n\u00e3o poderia seguir at\u00e9 a unidade de sa\u00fade para realizar o procedimento de emerg\u00eancia para extra\u00e7\u00e3o de um dente, sen\u00e3o em acomoda\u00e7\u00e3o adequada, no caso, uma maca. O coordenador do CEO, dentista Edmundo C\u00e9sar Alexandre Verona, explicou que a dentista informou o caso e, desta forma, foi acionada a Central de Ambul&acirc;ncia para o transporte da paciente da resid\u00eancia at\u00e9 o consult\u00f3rio dent\u00e1rio da UBS, onde o procedimentos foram realizados de forma adequada.<\/span><\/span><\/p>\n<p>AGRADECIMENTO &ndash; Outro atendimento domiciliar rendeu agradecimentos ao Centro de Especialidades Odontol\u00f3gicas. A cuidadora Lucilia Zamperlini, que atende ao cidad\u00e3o Jorge Faria de Carvalho, de 67 anos, manteve contato com o CEO, agradecendo pela aten\u00e7\u00e3o dispensada pelo dentista Nelson Crinchev e pelo prot\u00e9tico Valdir Firman. &ldquo;Para a gente que cuida dele \u00e9 uma gratid\u00e3o imensa pelo atendimento, pois era muito dif\u00edcil tir\u00e1-lo de casa para levar ao consult\u00f3rio&rdquo;, explicou Lucilia Zamperlini. Ela ressalta que toda a fam\u00edlia est\u00e1 agradecida pelo atendimento dispensado ao acamado. Lucilia contou ainda que o paciente residia em S\u00e3o Paulo e passou a morar em Apucarana para ficar pr\u00f3ximo dos familiares. &ldquo;Ele \u00e9 uma pessoa l\u00facida, fala, mas n\u00e3o anda, depois de ter um AVC e tamb\u00e9m ser paciente da oncologia&rdquo;, completou a cuidadora.<\/p>\n<p>  PROTESES &ndash; E hoje (10\/06), o setor de pr\u00f3teses completou o atendimento de 47 pacientes, vindos dos bairros Dom Romeu, Vale Verde e Vila Regina, al\u00e9m da Casa da Miseric\u00f3rdia. Todos receberam novas pr\u00f3teses, implantadas pelo dentista Nelson Crinchev. Com o trabalho completa hoje, mais de 1,5 mil pessoas j\u00e1 receberam pr\u00f3teses dent\u00e1rias e os atendimentos continuam sendo realizados em toda a rede de unidades de sa\u00fade de Apucarana.<\/p>\n","protected":false},"excerpt":{"rendered":"<p>Paciente acamada precisou ser removida de ambul&acirc;ncia para o consult&oacute;rio<\/p>\n","protected":false},"author":4,"featured_media":0,"comment_status":"closed","ping_status":"closed","sticky":false,"template":"","format":"standard","meta":{"footnotes":""},"categories":[24],"tags":[],"class_list":["post-3993","post","type-post","status-publish","format-standard","hentry","category-noticias"],"acf":[],"_links":{"self":[{"href":"http:\/\/www.apucarana.pr.gov.br\/site\/wp-json\/wp\/v2\/posts\/3993","targetHints":{"allow":["GET"]}}],"collection":[{"href":"http:\/\/www.apucarana.pr.gov.br\/site\/wp-json\/wp\/v2\/posts"}],"about":[{"href":"http:\/\/www.apucarana.pr.gov.br\/site\/wp-json\/wp\/v2\/types\/post"}],"author":[{"embeddable":true,"href":"http:\/\/www.apucarana.pr.gov.br\/site\/wp-json\/wp\/v2\/users\/4"}],"replies":[{"embeddable":true,"href":"http:\/\/www.apucarana.pr.gov.br\/site\/wp-json\/wp\/v2\/comments?post=3993"}],"version-history":[{"count":1,"href":"http:\/\/www.apucarana.pr.gov.br\/site\/wp-json\/wp\/v2\/posts\/3993\/revisions"}],"predecessor-version":[{"id":102884,"href":"http:\/\/www.apucarana.pr.gov.br\/site\/wp-json\/wp\/v2\/posts\/3993\/revisions\/102884"}],"wp:attachment":[{"href":"http:\/\/www.apucarana.pr.gov.br\/site\/wp-json\/wp\/v2\/media?parent=3993"}],"wp:term":[{"taxonomy":"category","embeddable":true,"href":"http:\/\/www.apucarana.pr.gov.br\/site\/wp-json\/wp\/v2\/categories?post=3993"},{"taxonomy":"post_tag","embeddable":true,"href":"http:\/\/www.apucarana.pr.gov.br\/site\/wp-json\/wp\/v2\/tags?post=3993"}],"curies":[{"name":"wp","href":"https:\/\/api.w.org\/{rel}","templated":true}]}}