{"id":3992,"date":"2016-06-10T13:45:00","date_gmt":"2016-06-10T13:45:00","guid":{"rendered":"http:\/\/172.16.0.7\/site-antigo\/?p=3992"},"modified":"2024-10-08T09:13:28","modified_gmt":"2024-10-08T12:13:28","slug":"campeonato-de-futebol-amador-comeca-neste-domingo-em-apucarana","status":"publish","type":"post","link":"http:\/\/www.apucarana.pr.gov.br\/site\/campeonato-de-futebol-amador-comeca-neste-domingo-em-apucarana\/","title":{"rendered":"Campeonato de futebol amador come\u00e7a neste domingo em Apucarana"},"content":{"rendered":"<\/p>\n<p><span style=\"letter-spacing: -0.02em; line-height: 1.45em; background-color: initial;\">&Eacute; neste domingo (12\/06). Com 36 equipes na categoria Adulto, divididas em duas divis\u00f5es, sendo 18 na primeira e 18 na segunda, a bola rola para o Campeonato Amador de Futebol Campo de Apucarana. A s<\/span><span style=\"letter-spacing: -0.02em; line-height: 1.45em; background-color: initial;\">ecret\u00e1ria Municipal de Esportes e Lazer, professora Jossuela Martins PirelliPinheiro, lembra que devido \u00e0s chuvas, o in\u00edcio da competi\u00e7\u00e3o municipal precisou ser adiado em dois finais de semana. &ldquo;Com previs\u00e3o de tempo bom para este final de semana, est\u00e1 garantido o pontap\u00e9 inicial no nosso campeonato amador&rdquo;, celebra a secret\u00e1ria.<br \/><\/span><span style=\"letter-spacing: -0.02em; line-height: 1.45em; background-color: initial;\"><br \/>Ao todo, a primeira rodada ser\u00e1 marcada por 16 jogos nos campos da Arena Doming\u00e3o (Ubatuda), Campo do Distrito do Pirap\u00f3, Campo da T\u00eaxtil e UTFPR.<br \/><\/span><b style=\"letter-spacing: -0.02em; line-height: 1.45em; background-color: initial;\"><br \/>Confira a programa\u00e7\u00e3o deste domingo e prestigie:<br \/><\/b><b style=\"letter-spacing: -0.02em; line-height: 1.45em; background-color: initial;\"><br \/>Campo &#8211; Arena Doming\u00e3o(Ubatuba)<\/p>\n<p><\/b><span style=\"letter-spacing: -0.02em; line-height: 1.45em; background-color: initial;\">08:30  Nenhum N\u00f3s\/Serigrafia Maia X Juvenil Vila Reis\/Seven Jeans<br \/><\/span><span style=\"letter-spacing: -0.02em; line-height: 1.45em; background-color: initial;\">10:00  Cocap X Veteranos Serralheria Caldeira<br \/><\/span><span style=\"letter-spacing: -0.02em; line-height: 1.45em; background-color: initial;\">13:30  Sumatra Fc X Serralheria Canova<br \/><\/span><span style=\"letter-spacing: -0.02em; line-height: 1.45em; background-color: initial;\">15:30  Tancredo Neves\/Jo\u00e3o Paulo X Fazenda Ubatuba\/Pulsar Eletrom<br \/><\/span><span style=\"letter-spacing: -0.02em; line-height: 1.45em; background-color: initial;\"><br \/><b>Campo &#8211; Pirap\u00f3<br \/><\/b><\/span><span style=\"letter-spacing: -0.02em; line-height: 1.45em; background-color: initial;\"><b><br \/><\/b>08:30  Baiano Futebol Clube X Merceria J.A. Milher<br \/><\/span><span style=\"letter-spacing: -0.02em; line-height: 1.45em; background-color: initial;\">10:00  Palmeirinhas Fc X Jardim Eldorado<br \/><\/span><span style=\"letter-spacing: -0.02em; line-height: 1.45em; background-color: initial;\">13:30  Time Do Rildo X Vila Nova<br \/><\/span><span style=\"letter-spacing: -0.02em; line-height: 1.45em; background-color: initial;\">15:30  Pirap\u00f3 Ec\/Multividro\/Malha Pr X Jardim Marissol<br \/><\/span><span style=\"letter-spacing: -0.02em; line-height: 1.45em; background-color: initial;\"><br \/><b>Campo &#8211; T\u00eaxtil<br \/><\/b><\/span><span style=\"letter-spacing: -0.02em; line-height: 1.45em; background-color: initial;\"><b><br \/><\/b>08:30  Serralheria Caldeira\/Disfranco X C S\u00e3o Jos\u00e9\/Art Premium Trofeus<br \/><\/span><span style=\"letter-spacing: -0.02em; line-height: 1.45em; background-color: initial;\">10:00  Uni\u00e3o do Xaxim X T\u00eaxtil<br \/><\/span><span style=\"letter-spacing: -0.02em; line-height: 1.45em; background-color: initial;\">13:30  Ajax X Tup\u00e3<br \/><\/span><span style=\"letter-spacing: -0.02em; line-height: 1.45em; background-color: initial;\">15:30  Aama X Franca Freitas Grupo<br \/><\/span><span style=\"letter-spacing: -0.02em; line-height: 1.45em; background-color: initial;\"><br \/><b>Campo &#8211; Utfpr<br \/><\/b><\/span><span style=\"letter-spacing: -0.02em; line-height: 1.45em; background-color: initial;\"><b><br \/><\/b>08:30  Jardim Ponta Grossa X S\u00e3o Domingos<br \/><\/span><span style=\"letter-spacing: -0.02em; line-height: 1.45em; background-color: initial;\">10:00  Tancredo Neves\/Correa Calhas X Uni\u00e3o Futebol Clube<br \/><\/span><span style=\"letter-spacing: -0.02em; line-height: 1.45em; background-color: initial;\">13:30  Cavan X Atl\u00e9tica 12 de Mar\u00e7o\/Utfpr<br \/><\/span><span style=\"letter-spacing: -0.02em; line-height: 1.45em; background-color: initial;\">15:30  Serigrafia da Lua X Brooklin Fc<br \/><\/span><span style=\"letter-spacing: -0.02em; line-height: 1.45em; background-color: initial;\"><br \/><u style=\"font-weight: bold;\">Os agrupamentos do Campeonato Amador<br \/><\/u><\/span><b style=\"letter-spacing: -0.02em; line-height: 1.45em; background-color: initial;\"><u><br \/>Times da primeira divis\u00e3o<br \/><\/u><\/b><u style=\"letter-spacing: -0.02em; line-height: 1.45em; background-color: initial;\"><b><br \/>Grupo &ldquo;A&rdquo;<\/b>&ndash; Pirap\u00f3\/Multividros, Cocap, Time do Rildo, Nenhum de N\u00f3s\/Serigrafia Maia, Juvenil da Vila Reis\/Seven Jeans, Vila Nova, Veteranos da Serralheria Caldeira, Jardim Marisol e Universo do Rock.<br \/><\/u><span style=\"letter-spacing: -0.02em; line-height: 1.45em; background-color: initial;\"><u><br \/><\/u><b>Grupo &ldquo;B&rdquo;<\/b><\/span><span style=\"letter-spacing: -0.02em; line-height: 1.45em; background-color: initial;\">&ndash; Baiano Futebol Clube, Palmeirinhas, Sumatra F. C. Tancredo Neves\/Jo\u00e3o Paulo, Fazenda Ubatuba\/Pulsar Eletromec&acirc;nica, Serralheria Canova, Jardim Eldorado, Mercearia J A Miller, Quil&ocirc;metro 28.<br \/><\/span><span style=\"letter-spacing: -0.02em; line-height: 1.45em; background-color: initial;\"><u><br \/><b>Times da segunda divis\u00e3o<\/b><br \/><\/u><\/span><u style=\"letter-spacing: -0.02em; line-height: 1.45em; background-color: initial;\"><br \/><b>Grupo&ldquo;A&rdquo;<\/b>&#8211; Serralheria Caldeira\/Disfranco, Cavan, Serigrafia da Lua, Uni\u00e3o do Xaxim, T\u00eaxtil, Brooklin F.C. Atl\u00e9tica 12 de Mar\u00e7o\/UTFPR, Col\u00e9gio S\u00e3o Jos\u00e9 e Vila Apucaraninha.<br \/><\/u><u style=\"letter-spacing: -0.02em; line-height: 1.45em; background-color: initial;\"><br \/><b>Grupo &ldquo;B&rdquo;<\/b>&#8211; Jardim Ponta Grossa, Ajax, Tancredo Neves\/Correa Calhas, Tancredo Neves\/Correa Calhas, A.A.M.A. Franca Freitas, Uni\u00e3o Futebol Clube, Tup\u00e3, S\u00e3o Domingos e Juvenil Marcos Freire.<br \/><\/u><span style=\"letter-spacing: -0.02em; line-height: 1.45em; background-color: initial;\"><u><br \/><\/u>Toda programa\u00e7\u00e3o do campeonato amador vai estar no site da Prefeitura de Apucarana. Mais informa\u00e7\u00f5es sobre as a\u00e7\u00f5es esportivas fomentadas pela prefeitura podem ser acessadas pelo link <\/span><b style=\"letter-spacing: -0.02em; line-height: 1.45em; background-color: initial;\"><a href=\"http:\/\/www.apucarana.pr.gov.br\/esporte\/\">http:\/\/www.apucarana.pr.gov.br\/esporte\/<\/a><\/b><span style=\"letter-spacing: -0.02em; line-height: 1.45em; background-color: initial;\">, no Centro da Juventude ou pelos telefones 3422-5184 ou 3424-0629.<\/span><\/p>\n","protected":false},"excerpt":{"rendered":"<p>Ao todo, a primeira rodada ser&aacute; marcada por 16 jogos nos campos da Arena Doming&atilde;o (Ubatuda), Campo do Distrito do Pirap&oacute;, Campo da T&ecirc;xtil e UTFPR<\/p>\n","protected":false},"author":4,"featured_media":0,"comment_status":"closed","ping_status":"closed","sticky":false,"template":"","format":"standard","meta":{"footnotes":""},"categories":[24],"tags":[],"class_list":["post-3992","post","type-post","status-publish","format-standard","hentry","category-noticias"],"acf":[],"_links":{"self":[{"href":"http:\/\/www.apucarana.pr.gov.br\/site\/wp-json\/wp\/v2\/posts\/3992","targetHints":{"allow":["GET"]}}],"collection":[{"href":"http:\/\/www.apucarana.pr.gov.br\/site\/wp-json\/wp\/v2\/posts"}],"about":[{"href":"http:\/\/www.apucarana.pr.gov.br\/site\/wp-json\/wp\/v2\/types\/post"}],"author":[{"embeddable":true,"href":"http:\/\/www.apucarana.pr.gov.br\/site\/wp-json\/wp\/v2\/users\/4"}],"replies":[{"embeddable":true,"href":"http:\/\/www.apucarana.pr.gov.br\/site\/wp-json\/wp\/v2\/comments?post=3992"}],"version-history":[{"count":1,"href":"http:\/\/www.apucarana.pr.gov.br\/site\/wp-json\/wp\/v2\/posts\/3992\/revisions"}],"predecessor-version":[{"id":102888,"href":"http:\/\/www.apucarana.pr.gov.br\/site\/wp-json\/wp\/v2\/posts\/3992\/revisions\/102888"}],"wp:attachment":[{"href":"http:\/\/www.apucarana.pr.gov.br\/site\/wp-json\/wp\/v2\/media?parent=3992"}],"wp:term":[{"taxonomy":"category","embeddable":true,"href":"http:\/\/www.apucarana.pr.gov.br\/site\/wp-json\/wp\/v2\/categories?post=3992"},{"taxonomy":"post_tag","embeddable":true,"href":"http:\/\/www.apucarana.pr.gov.br\/site\/wp-json\/wp\/v2\/tags?post=3992"}],"curies":[{"name":"wp","href":"https:\/\/api.w.org\/{rel}","templated":true}]}}