{"id":3990,"date":"2016-06-10T12:13:59","date_gmt":"2016-06-10T12:13:59","guid":{"rendered":"http:\/\/172.16.0.7\/site-antigo\/?p=3990"},"modified":"2024-10-08T09:13:28","modified_gmt":"2024-10-08T12:13:28","slug":"prefeitura-assume-manutencao-da-iluminacao-publica","status":"publish","type":"post","link":"http:\/\/www.apucarana.pr.gov.br\/site\/prefeitura-assume-manutencao-da-iluminacao-publica\/","title":{"rendered":"Prefeitura assume manuten\u00e7\u00e3o da ilumina\u00e7\u00e3o p\u00fablica"},"content":{"rendered":"<\/p>\n<p>Com a expectativa de modernizar o sistema, expandir a rede e agilizar o atendimento, a Prefeitura de Apucarana assumiu a manuten\u00e7\u00e3o da ilumina\u00e7\u00e3o p\u00fablica. A transmiss\u00e3o dos servi\u00e7os, que eram executados pela Copel, ocorreu nesta sexta-feira (10\/06), em ato realizado no gabinete municipal. Na oportunidade, o prefeito Beto Preto assinou ordem de servi\u00e7o com a Tecnoluz Eletricidade Ltda, empresa que vai operacionalizar o servi\u00e7o a partir de segunda-feira. Com a medida, o munic\u00edpio passar\u00e1 a ser o respons\u00e1vel (atrav\u00e9s da empresa terceirizada) pela troca de l&acirc;mpadas e outros reparos em cerca de 18 mil pontos de luz, localizados em ruas, avenidas e logradouros. <\/p>\n<p><b><a href=\"http:\/\/apucarana.pr.gov.br\/radioapucarana\/?p=1025\" target=\"_blank\" rel=\"noopener\">Click e ou\u00e7a esta mat\u00e9ria<\/a><\/b><\/p>\n<p>O ato contou a presen\u00e7a do engenheiro eletricista Ivan Martins, representando a Tecnoluz, do vice-prefeito de Apucarana, Sebasti\u00e3o Ferreira Martins Junior (Junior da Femac), de Wallyson Palma , t\u00e9cnico comercial da Copel, do engenheiro eletricista do Instituto de Desenvolvimento, Pesquisa e Planejamento (Idepplan), Lafayete Luz, e do presidente da C&acirc;mara de Vereadores, Jos\u00e9 Airton Deco de Ara\u00fajo. <\/p>\n<p>Beto Preto explica que o Munic\u00edpio vinha se preparando nos \u00faltimos meses, com a realiza\u00e7\u00e3o de v\u00e1rias licita\u00e7\u00f5es, para assumir o servi\u00e7o. &ldquo;Temos quatro contratos em vigor. Um para fazer a contagem pr\u00f3pria do acervo, outro para a expans\u00e3o de 10 quil&ocirc;metros da rede e mais um no valor de cerca de R$ 4 milh\u00f5es para a substitui\u00e7\u00e3o de l&acirc;mpadas de merc\u00fario por de vapor met\u00e1lico e para refor\u00e7ar a ilumina\u00e7\u00e3o. E, agora, assinamos a ordem de servi\u00e7o com a empresa que vai fazer a manuten\u00e7\u00e3o de todo o parque de ilumina\u00e7\u00e3o p\u00fablica&rdquo;, elenca Beto Preto. <\/p>\n<p>O munic\u00edpio, entretanto, ainda n\u00e3o recebeu o acervo da Copel e o acerto de contas com a concession\u00e1ria dever\u00e1 acontecer posteriormente. &ldquo;A Copel est\u00e1 fazendo a contagem do acervo e o Munic\u00edpio contratou uma empresa para ter uma contagem pr\u00f3pria. O nosso servi\u00e7o j\u00e1 foi finalizado e contabilizou 17.329 pontos&rdquo;, anunciou Beto Preto. <\/p>\n<p>O Munic\u00edpio pretende, paulatinamente, fazer a moderniza\u00e7\u00e3o do parque de ilumina\u00e7\u00e3o p\u00fablica. &ldquo;Em torno de 25% das l&acirc;mpadas ainda s\u00e3o de merc\u00fario, uma tecnologia que est\u00e1 vetada h\u00e1 20 anos. Aos poucos, vamos continuar fazendo a substitui\u00e7\u00e3o por l&acirc;mpadas de vapor met\u00e1lico&rdquo;, ressalta Beto Preto, salientando que as diversas a\u00e7\u00f5es que est\u00e3o planejadas promover\u00e3o um salto de qualidade no servi\u00e7o.<\/p>\n<p>Lafayete Luz, engenheiro eletricista do Idepplan, esclarece que o contrato assinado com a Tecnoluz \u00e9 exclusivo para a manuten\u00e7\u00e3o da ilumina\u00e7\u00e3o p\u00fablica. &ldquo;S\u00e3o situa\u00e7\u00f5es relativas, por exemplo, a l&acirc;mpada queimada, reator e soquete. J\u00e1 os casos de falta de energia nas casas, fia\u00e7\u00e3o da rede, disjuntor e outros do g\u00eanero continuam sob a responsabilidade da Copel&rdquo;, exemplifica Lafayete.<\/p>\n<p>O Munic\u00edpio ter\u00e1 um gasto mensal com a manuten\u00e7\u00e3o da ilumina\u00e7\u00e3o p\u00fablica na faixa de R$ 90 mil a R$ 100 mil. &ldquo;A Prefeitura ir\u00e1 arcar com o custo operacional da manuten\u00e7\u00e3o, pagando por ponto atendido, sendo que as l&acirc;mpadas e demais materiais correm por conta da empresa contratada&rdquo;, revela o engenheiro, frisando que em Apucarana o custo por ponto ser\u00e1 de R$ 4,95 enquanto em outros munic\u00edpios esse valor \u00e9, em m\u00e9dia, de R$ 6. <\/p>\n<p>O engenheiro eletricista Ivan Martins, s\u00f3cio-propriet\u00e1rio da Tecnoluz, ressalta que o contrato \u00e9 por performance. &ldquo;O nosso objetivo \u00e9 evitar a troca da l&acirc;mpada, por isso colocaremos materiais de qualidade. Fica mais caro deslocar o caminh\u00e3o e equipe do que investir em materiais que tenham uma durabilidade maior&rdquo;, constata. <\/p>\n<p><b>SERVI&Ccedil;O DEVE SER ACIONADO PELO 0800<\/b><\/p>\n<p>Um servi\u00e7o de 0800 j\u00e1 estar\u00e1 ativado na segunda-feira, dia 13 de junho, para atendimento dos apucaranenses. O n\u00famero para solicita\u00e7\u00e3o de servi\u00e7os \u00e9 o<b>08006001428<\/b>. &ldquo;Sob a dire\u00e7\u00e3o da Copel os pedidos de troca de l&acirc;mpadas queimadas tinham um prazo de 72 horas para substitui\u00e7\u00e3o. E, a partir de agora, com a prefeitura administrando o servi\u00e7o, o prazo m\u00e1ximo para a troca ser\u00e1 de 48 horas, ap\u00f3s o registro do pedido&rdquo;, explica o engenheiro eletricista Lafayete Luz, do Idepplan. Em caso de solicita\u00e7\u00e3o de emerg\u00eancia, em ponto localizado nas proximidades de um hospital, por exemplo, o prazo \u00e9 de 12 horas. <\/p>\n<p>A Tecnoluz, empresa respons\u00e1vel pela manuten\u00e7\u00e3o do servi\u00e7o, manter\u00e1 tamb\u00e9m um servi\u00e7o de p\u00f3s-atendimento, com o objetivo de verificar se os servi\u00e7os solicitados foram realmente executados e tamb\u00e9m para medir o \u00edndice de satisfa\u00e7\u00e3o do cliente. &ldquo;Periodicamente, o prefeito ou membros da administra\u00e7\u00e3o municipal v\u00e3o receber um relat\u00f3rio com esses dados&rdquo;, frisa o engenheiro eletricista Ivan Martins, s\u00f3cio-propriet\u00e1rio da Tecnoluz.<\/p>\n<p>Nesta fase inicial atuar\u00e3o seis eletricistas, que atender\u00e3o os chamados com duas caminhonetes e um caminh\u00e3o. &ldquo;O servi\u00e7o ser\u00e1 prestado durante o dia e tamb\u00e9m \u00e0 noite. Uma equipe vai atuar das 8 \u00e0s 18 horas e outra no per\u00edodo noturno que cumprir\u00e1 uma jornada de 7 horas&rdquo;, explica Martins, lembrando que \u00e0 noite ser\u00e3o priorizados os servi\u00e7os na \u00e1rea central, para n\u00e3o atrapalhar o tr&acirc;nsito. <\/p>\n<p>  Martins ressalta que a fun\u00e7\u00e3o da empresa \u00e9 manter o ponto aceso no per\u00edodo noturno e, durante o dia, evitar o desperd\u00edcio com eventuais l&acirc;mpadas que permanecerem ligadas. &ldquo;O contrato \u00e9 para a manuten\u00e7\u00e3o da ilumina\u00e7\u00e3o p\u00fablica. A nossa fun\u00e7\u00e3o \u00e9 manter o ponto de luz aceso. &Agrave;s vezes, quando o ponto de luz est\u00e1 apagado o problema pode ser uma simples conex\u00e3o, um soquete, o reator, a l&acirc;mpada ou o rel\u00e9&rdquo;, detalha.<\/p>\n","protected":false},"excerpt":{"rendered":"<p>Servi&ccedil;o abrange cerca 18 mil pontos de luz em ruas, avenidas e logradouros p&uacute;blicos<\/p>\n","protected":false},"author":4,"featured_media":0,"comment_status":"closed","ping_status":"closed","sticky":false,"template":"","format":"standard","meta":{"footnotes":""},"categories":[24],"tags":[],"class_list":["post-3990","post","type-post","status-publish","format-standard","hentry","category-noticias"],"acf":[],"_links":{"self":[{"href":"http:\/\/www.apucarana.pr.gov.br\/site\/wp-json\/wp\/v2\/posts\/3990","targetHints":{"allow":["GET"]}}],"collection":[{"href":"http:\/\/www.apucarana.pr.gov.br\/site\/wp-json\/wp\/v2\/posts"}],"about":[{"href":"http:\/\/www.apucarana.pr.gov.br\/site\/wp-json\/wp\/v2\/types\/post"}],"author":[{"embeddable":true,"href":"http:\/\/www.apucarana.pr.gov.br\/site\/wp-json\/wp\/v2\/users\/4"}],"replies":[{"embeddable":true,"href":"http:\/\/www.apucarana.pr.gov.br\/site\/wp-json\/wp\/v2\/comments?post=3990"}],"version-history":[{"count":1,"href":"http:\/\/www.apucarana.pr.gov.br\/site\/wp-json\/wp\/v2\/posts\/3990\/revisions"}],"predecessor-version":[{"id":102890,"href":"http:\/\/www.apucarana.pr.gov.br\/site\/wp-json\/wp\/v2\/posts\/3990\/revisions\/102890"}],"wp:attachment":[{"href":"http:\/\/www.apucarana.pr.gov.br\/site\/wp-json\/wp\/v2\/media?parent=3990"}],"wp:term":[{"taxonomy":"category","embeddable":true,"href":"http:\/\/www.apucarana.pr.gov.br\/site\/wp-json\/wp\/v2\/categories?post=3990"},{"taxonomy":"post_tag","embeddable":true,"href":"http:\/\/www.apucarana.pr.gov.br\/site\/wp-json\/wp\/v2\/tags?post=3990"}],"curies":[{"name":"wp","href":"https:\/\/api.w.org\/{rel}","templated":true}]}}