{"id":3989,"date":"2016-06-09T22:52:59","date_gmt":"2016-06-09T22:52:59","guid":{"rendered":"http:\/\/172.16.0.7\/site-antigo\/?p=3989"},"modified":"2024-10-08T09:13:28","modified_gmt":"2024-10-08T12:13:28","slug":"prefeitura-faz-adequacoes-e-reforca-sinalizacao","status":"publish","type":"post","link":"http:\/\/www.apucarana.pr.gov.br\/site\/prefeitura-faz-adequacoes-e-reforca-sinalizacao\/","title":{"rendered":"Prefeitura faz adequa\u00e7\u00f5es e refor\u00e7a sinaliza\u00e7\u00e3o"},"content":{"rendered":"<p><p><span style=\"letter-spacing: -0.02em; line-height: 1.45em; background-color: initial;\">Em reuni\u00e3o e vistoria t\u00e9cnica feita hoje, a Prefeitura de Apucarana tratou dos \u00faltimos detalhes para liberar o tr\u00e1fego no novo viaduto de acesso ao N\u00facleo Jo\u00e3o Paulo I. O prefeito Beto Preto, o vice Junior da Femac, e Carlos Mendes (Idepplan), se reuniram com t\u00e9cnicos do Departamento de Estrada de Rodagem (DER) e da Viapar para avaliar a sinaliza\u00e7\u00e3o, sem\u00e1foro e adequa\u00e7\u00f5es necess\u00e1rias na conflu\u00eancia da Rua Rio Jacar\u00e9 com a Avenida Governador Roberto da Silveira (trecho urbano da BR-369).<\/span><\/p>\n<p>No local ser\u00e1 ativado um sem\u00e1foro de quatro tempos, com prioridade para os ve\u00edculos que estiverem trafegando na rodovia e tempos alternados para os acessos ao N\u00facleo Jo\u00e3o Paulo e Parque Industrial Oeste. O viaduto deve ser inaugurado no dia 17 de junho, com a presen\u00e7a de autoridades do Estado.<\/p>\n<p>&ldquo;N\u00f3s pedimos apoio ao DER e \u00e0 Viapar, no sentido de pavimentar mais uma faixa de rolamento, nos dois lados da rodovia, num trecho de trezentos metros, junto ao viaduto&rdquo;, informa o prefeito Beto Preto. Segundo ele, o objetivo \u00e9 garantir seguran\u00e7a e um bom fluxo no tr\u00e1fego.<\/p>\n<p>O vice-prefeito Junior da Femac, acompanhado do superintendente de tr&acirc;nsito, Silnei Bolonhese, vistoriou a rodovia junto ao viaduto de transposi\u00e7\u00e3o da linha f\u00e9rrea, no final da tarde de ontem. &ldquo;Fizemos medi\u00e7\u00f5es e discutimos o padr\u00e3o da sinaliza\u00e7\u00e3o horizontal e vertical. E agora vamos aguardar a libera\u00e7\u00e3o do DER e da Viapar, para executar os servi\u00e7os necess\u00e1rios&rdquo;, comentou Junior.<\/p>\n<p>Silnei Bolonhese destacou as boas parcerias com a Viapar e o DER e alertou os motoristas que, neste ponto, o sem\u00e1foro ainda est\u00e1 &ldquo;piscante&rdquo;. &ldquo;Vamos adotar todas as medidas poss\u00edveis para garantir a seguran\u00e7a dos motoristas, motociclistas, ciclistas e pedestres que passam pelo local&rdquo;, anunciou.<\/p>\n<p><\/p>\n","protected":false},"excerpt":{"rendered":"<p>Viaduto deve ser inaugurado no dia 17 de junho, com a presen&ccedil;a de autoridades do Estado<\/p>\n","protected":false},"author":4,"featured_media":0,"comment_status":"closed","ping_status":"closed","sticky":false,"template":"","format":"standard","meta":{"footnotes":""},"categories":[24],"tags":[],"class_list":["post-3989","post","type-post","status-publish","format-standard","hentry","category-noticias"],"acf":[],"_links":{"self":[{"href":"http:\/\/www.apucarana.pr.gov.br\/site\/wp-json\/wp\/v2\/posts\/3989","targetHints":{"allow":["GET"]}}],"collection":[{"href":"http:\/\/www.apucarana.pr.gov.br\/site\/wp-json\/wp\/v2\/posts"}],"about":[{"href":"http:\/\/www.apucarana.pr.gov.br\/site\/wp-json\/wp\/v2\/types\/post"}],"author":[{"embeddable":true,"href":"http:\/\/www.apucarana.pr.gov.br\/site\/wp-json\/wp\/v2\/users\/4"}],"replies":[{"embeddable":true,"href":"http:\/\/www.apucarana.pr.gov.br\/site\/wp-json\/wp\/v2\/comments?post=3989"}],"version-history":[{"count":1,"href":"http:\/\/www.apucarana.pr.gov.br\/site\/wp-json\/wp\/v2\/posts\/3989\/revisions"}],"predecessor-version":[{"id":102891,"href":"http:\/\/www.apucarana.pr.gov.br\/site\/wp-json\/wp\/v2\/posts\/3989\/revisions\/102891"}],"wp:attachment":[{"href":"http:\/\/www.apucarana.pr.gov.br\/site\/wp-json\/wp\/v2\/media?parent=3989"}],"wp:term":[{"taxonomy":"category","embeddable":true,"href":"http:\/\/www.apucarana.pr.gov.br\/site\/wp-json\/wp\/v2\/categories?post=3989"},{"taxonomy":"post_tag","embeddable":true,"href":"http:\/\/www.apucarana.pr.gov.br\/site\/wp-json\/wp\/v2\/tags?post=3989"}],"curies":[{"name":"wp","href":"https:\/\/api.w.org\/{rel}","templated":true}]}}