{"id":38922,"date":"2021-01-19T15:36:57","date_gmt":"2021-01-19T17:36:57","guid":{"rendered":"http:\/\/www.apucarana.pr.gov.br\/site\/?p=38922"},"modified":"2024-10-08T09:21:45","modified_gmt":"2024-10-08T12:21:45","slug":"apucarana-prepara-retomada-das-atividades-esportivas","status":"publish","type":"post","link":"http:\/\/www.apucarana.pr.gov.br\/site\/apucarana-prepara-retomada-das-atividades-esportivas\/","title":{"rendered":"Apucarana prepara retomada das atividades esportivas"},"content":{"rendered":"<p>Com a chegada das primeiras doses da vacina contra o coronav\u00edrus, a equipe da Secretaria Municipal de Esportes recebeu duas incumb\u00eancias: integrar as a\u00e7\u00f5es de vacina\u00e7\u00e3o e, ao mesmo tempo, preparar o calend\u00e1rio de retomada das atividades esportivas. O assunto foi debatido nesta ter\u00e7a-feira (19\/01) pelo prefeito Junior da Femac com o secret\u00e1rio da pasta, Jos\u00e9 Marcelino da Silva (Grillo), que esteve acompanhado na reuni\u00e3o pelo superintendente Tom Barros.<\/p>\n<p>O prefeito lembra que, devido \u00e0 capacidade de organiza\u00e7\u00e3o alcan\u00e7ada com a realiza\u00e7\u00e3o de grandes eventos, a Secretaria de Esportes vem sendo requisitada para a\u00e7\u00f5es especiais. \u201cNeste ano, a equipe j\u00e1 atuou colaborando na recep\u00e7\u00e3o das pessoas que buscaram o aux\u00edlio emergencial liberado pela Caixa, al\u00e9m de participar da distribui\u00e7\u00e3o de m\u00e1scaras e de sabonete l\u00edquido. \u00c9 uma equipe que est\u00e1 sempre de prontid\u00e3o e, com a chegada das vacinas, vai contribuir com a operacionaliza\u00e7\u00e3o do sistema drive-thru de vacina\u00e7\u00e3o\u201d, anuncia Junior da Femac.<\/p>\n<p>O prefeito tamb\u00e9m autorizou a equipe a avan\u00e7ar na elabora\u00e7\u00e3o do calend\u00e1rio esportivo visando o per\u00edodo p\u00f3s-vacina\u00e7\u00e3o, tendo como cen\u00e1rio o segundo semestre deste ano. \u201cTemos pr\u00e9-agendado para junho a realiza\u00e7\u00e3o dos Jogos Universit\u00e1rios do Paran\u00e1 (JUP\u2019s), que devem trazer para Apucarana cerca de duas mil pessoas\u201d, informa o secret\u00e1rio Grillo.<\/p>\n<p>Outro grande evento que j\u00e1 come\u00e7a a ser preparado s\u00e3o os Jogos Abertos do Paran\u00e1 (JAP\u2019s), programados para novembro e que dever\u00e3o atrair para Apucarana cerca de 5 mil pessoas, entre atletas, \u00e1rbitros e dirigentes. \u201cInclu\u00edmos ainda no planejamento do segundo semestre deste ano a tradicional Prova Pedestre 28 de Janeiro, que foi adiada por causa da pandemia\u201d, reitera o secret\u00e1rio.<\/p>\n<p>Tamb\u00e9m est\u00e1 tudo encaminhado para a retomada das escolinhas. \u201cJ\u00e1 foram feitas as licita\u00e7\u00f5es necess\u00e1rias e agora s\u00f3 estamos esperando a defini\u00e7\u00e3o dos pr\u00f3ximos protocolos referentes \u00e0 pandemia para fazer a contrata\u00e7\u00e3o dos profissionais\u201d, frisa Grillo, acrescentando que a secretaria tamb\u00e9m j\u00e1 est\u00e1 realizando o planejamento para a retomada das atividades junto ao p\u00fablico idoso, entre as quais a hidrogin\u00e1stica.<\/p>\n","protected":false},"excerpt":{"rendered":"<p>O assunto foi debatido nesta ter\u00e7a-feira (19\/01) pelo prefeito Junior da Femac com o secret\u00e1rio da pasta, Jos\u00e9 Marcelino da Silva (Grillo), que esteve acompanhado na reuni\u00e3o pelo superintendente Tom Barros (Foto: divulga\u00e7\u00e3o)<\/p>\n","protected":false},"author":4,"featured_media":38924,"comment_status":"closed","ping_status":"open","sticky":false,"template":"","format":"standard","meta":{"footnotes":""},"categories":[24],"tags":[],"class_list":["post-38922","post","type-post","status-publish","format-standard","has-post-thumbnail","hentry","category-noticias"],"acf":[],"_links":{"self":[{"href":"http:\/\/www.apucarana.pr.gov.br\/site\/wp-json\/wp\/v2\/posts\/38922","targetHints":{"allow":["GET"]}}],"collection":[{"href":"http:\/\/www.apucarana.pr.gov.br\/site\/wp-json\/wp\/v2\/posts"}],"about":[{"href":"http:\/\/www.apucarana.pr.gov.br\/site\/wp-json\/wp\/v2\/types\/post"}],"author":[{"embeddable":true,"href":"http:\/\/www.apucarana.pr.gov.br\/site\/wp-json\/wp\/v2\/users\/4"}],"replies":[{"embeddable":true,"href":"http:\/\/www.apucarana.pr.gov.br\/site\/wp-json\/wp\/v2\/comments?post=38922"}],"version-history":[{"count":1,"href":"http:\/\/www.apucarana.pr.gov.br\/site\/wp-json\/wp\/v2\/posts\/38922\/revisions"}],"predecessor-version":[{"id":99190,"href":"http:\/\/www.apucarana.pr.gov.br\/site\/wp-json\/wp\/v2\/posts\/38922\/revisions\/99190"}],"wp:featuredmedia":[{"embeddable":true,"href":"http:\/\/www.apucarana.pr.gov.br\/site\/wp-json\/"}],"wp:attachment":[{"href":"http:\/\/www.apucarana.pr.gov.br\/site\/wp-json\/wp\/v2\/media?parent=38922"}],"wp:term":[{"taxonomy":"category","embeddable":true,"href":"http:\/\/www.apucarana.pr.gov.br\/site\/wp-json\/wp\/v2\/categories?post=38922"},{"taxonomy":"post_tag","embeddable":true,"href":"http:\/\/www.apucarana.pr.gov.br\/site\/wp-json\/wp\/v2\/tags?post=38922"}],"curies":[{"name":"wp","href":"https:\/\/api.w.org\/{rel}","templated":true}]}}