{"id":38909,"date":"2021-01-18T18:41:23","date_gmt":"2021-01-18T20:41:23","guid":{"rendered":"http:\/\/www.apucarana.pr.gov.br\/site\/?p=38909"},"modified":"2024-10-08T09:21:45","modified_gmt":"2024-10-08T12:21:45","slug":"promatur-define-missas-e-cultos-em-intencao-aos-77-anos-de-apucarana","status":"publish","type":"post","link":"http:\/\/www.apucarana.pr.gov.br\/site\/promatur-define-missas-e-cultos-em-intencao-aos-77-anos-de-apucarana\/","title":{"rendered":"Promatur define missas e cultos em inten\u00e7\u00e3o aos 77 anos de Apucarana"},"content":{"rendered":"<p class=\"western\" style=\"text-align: left;\" align=\"center\">A Secretaria da Promo\u00e7\u00e3o Art\u00edstica, Cultural e Tur\u00edstica da Prefeitura de Apucarana (Promatur) divulgou nesta segunda-feira (18\/01) os dias, locais e hor\u00e1rios das missas e cultos que ser\u00e3o celebrados dentro da programa\u00e7\u00e3o comemorativa aos 77 anos de emancipa\u00e7\u00e3o pol\u00edtica de Apucarana. A grade faz parte dos eventos autorizados pelas autoridades de sa\u00fade, dentro das regras de preven\u00e7\u00e3o ao novo coronav\u00edrus (Covid-19), para marca o anivers\u00e1rio da cidade.<\/p>\n<p class=\"western\" align=\"justify\"><span style=\"font-family: 'Times New Roman', serif;\">O prefeito J\u00fanior da Femac lembra que na semana passada, uma reuni\u00e3o deliberativa realizada com t\u00e9cnicos das \u00e1reas da Sa\u00fade, Ind\u00fastria e Com\u00e9rcio, Cultura e Turismo, vetou todas atividades que possam geram aglomera\u00e7\u00e3o, como shows art\u00edsticos e musicais, feira gastron\u00f4mica e corrida pedestre, tradicionais eventos realizados no munic\u00edpio por ocasi\u00e3o da data. \u201cMesmo assim, os \u201c77 anos\u201d n\u00e3o v\u00e3o passar em branco. Definimos e vamos desenvolver uma<\/span><span style=\"font-family: 'Times New Roman', serif;\"><span style=\"font-size: medium;\"> agenda segura, uma programa\u00e7\u00e3o da \u201cF\u00e9, da Esperan\u00e7a e da Confian\u00e7a\u201d de que vamos vencer o coronav\u00edrus\u201d, pontuou o prefeito J\u00fanior da Femac<\/span><\/span><span style=\"font-family: 'Times New Roman', serif;\">. <\/span><\/p>\n<p class=\"western\" align=\"justify\"><span style=\"font-family: 'Times New Roman', serif;\">A programa\u00e7\u00e3o \u201cOrando por Apucarana\u201d ser\u00e1 desenvolvida do dia 28 (data do anivers\u00e1rio) at\u00e9 o dia 31 de janeiro, um domingo. \u201cA escala de celebra\u00e7\u00f5es em inten\u00e7\u00e3o aos 77 anos de Apucarana prev\u00ea missas em diversos hor\u00e1rios e par\u00f3quias e cultos, tamb\u00e9m em v\u00e1rios hor\u00e1rios e denomina\u00e7\u00f5es evang\u00e9licas\u201d, informa M\u00e1rio Felipe Rodrigues, superintendente da Promatur. A rela\u00e7\u00e3o est\u00e1 dispon\u00edvel no Cine Teatro F\u00eanix, pelo telefone 3423-2944, ou no site da prefeitura (www.apucarana.pr.gov.br).<\/span><\/p>\n<p class=\"western\" align=\"justify\"><span style=\"font-family: 'Times New Roman', serif;\">Paralelo aos eventos religiosos tamb\u00e9m est\u00e1 sendo produzido um v\u00eddeo institucional sobre a hist\u00f3ria e o desenvolvimento de Apucarana. \u201cA pandemia nos trouxe limita\u00e7\u00f5es, mas n\u00e3o podemos deixar de lembrar, com respeito \u00e0 vida e preven\u00e7\u00e3o adequada, o anivers\u00e1rio da cidade\u201d, diz professora Maria Agar Borba, secret\u00e1ria da Promatur.<\/span><\/p>\n<p class=\"western\" align=\"justify\"><span style=\"font-family: 'Times New Roman', serif;\">Ela frisa que tamb\u00e9m est\u00e1 em fase final de elabora\u00e7\u00e3o a programa\u00e7\u00e3o de shows virtuais (lives) com artistas locais, que ser\u00e3o transmitidos em tempo real do palco do Cine Teatro F\u00eanix pelas redes sociais da Prefeitura de Apucarana (facebook.com\/prefeituradeapucarana) e Youtube (youtube.com\/apucaranapref). \u201cSer\u00e1 mais uma atra\u00e7\u00e3o dos 77 anos, definida pelo nosso prefeito J\u00fanior da Femac, que valoriza nossos talentos locais e que presenteia a popula\u00e7\u00e3o com cultura de qualidade, que poder\u00e1 ser apreciada pelas pessoas em ambiente seguro atrav\u00e9s da internet\u201d, comenta Maria Agar.<\/span><\/p>\n<p class=\"western\" align=\"justify\"><span style=\"font-family: 'Times New Roman', serif;\">Faz parte ainda da agenda comemorativa a inaugura\u00e7\u00e3o de obras p\u00fablicas. \u201cAo longo desta semana devemos definir e divulgar a rela\u00e7\u00e3o, onde vamos entregar oficialmente \u00e0 comunidade investimentos de infraestrutura urbana, sa\u00fade, educa\u00e7\u00e3o e outras \u00e1reas, apresentando e prestando contas \u00e0 popula\u00e7\u00e3o onde est\u00e1 sendo aplicado o dinheiro dos impostos\u201d, comunicou o prefeito J\u00fanior da Femac. Segundo ele, ser\u00e3o atos simb\u00f3licos com a presen\u00e7a apenas de agentes p\u00fablicos, sem aglomera\u00e7\u00e3o.<\/span><\/p>\n<p class=\"western\" align=\"center\">\u201c<span style=\"font-family: 'Times New Roman', serif;\"><b>Orando por Apucarana\u201d \u2013 rela\u00e7\u00e3o de missas e cultos em homenagem aos 77 anos<\/b><\/span><\/p>\n<p class=\"western\" align=\"justify\"><span style=\"font-family: 'Times New Roman', serif;\"><b>Missas<\/b><\/span><\/p>\n<p>Par\u00f3quia Nossa Senhora de Lourdes\u00a0 [ Catedral ]<\/p>\n<p>Missa\u00a0\u00a0: Dia 28\/01\/2021 Hor\u00e1rio : 18 :15hs<br \/>\nMissa\u00a0 : Dia 30\/01\/2021\u00a0 Hor\u00e1rio : 19:00hs<br \/>\nMissa\u00a0\u00a0: Dia 31\/01\/2021\u00a0 Hor\u00e1rio : 08:30\u00a0 10:00\u00a0 18:00hs<\/p>\n<p>Par\u00f3quia Santu\u00e1rio S\u00e3o Jos\u00e9 ;<br \/>\nMissa : Dia 28\/01\/2021 Hor\u00e1rio 19:00hs<br \/>\nMissa ; Dia 30\/01\/2021 Hor\u00e1rio 15:00\u00a0 19:30hs<br \/>\nMissa ; Dia 31\/01\/2021 Hor\u00e1rio 07:30\u00a0 09:30\u00a0 19:00hs<\/p>\n<p>Par\u00f3quia Nossa Senhora Aparecida :<br \/>\nMissa : Dia\u00a030\/01\/2021 Hor\u00e1rio\u00a0 17:00hs Santo Expedito<br \/>\nMissa : Dia 31\/01\/2021 Hor\u00e1rio Matriz\u00a0 08:00\u00a0 10:00\u00a0 19:00hs<br \/>\nMissa : Dia 31\/01\/2021\u00a0 Hor\u00e1rio 19:00hs Capela S\u00e3o Cristov\u00e3o<br \/>\nMissa : Dia 31\/01\/2021 Hor\u00e1rio\u00a0 19:00hs Capela Divino Espirito Santo<\/p>\n<p>Par\u00f3quia Cora\u00e7\u00e3o Eucar\u00edstico de Jesus ,<br \/>\nMissa : Dia 30\/01\/2021 Hor\u00e1rio 19:30hs<br \/>\nMissa : Dia 31\/01\/2021\u00a0 Hor\u00e1rio 07:30hs<\/p>\n<p>Par\u00f3quia Cristo Profeta<br \/>\nMissa : Dia\u00a0 28\/01\/2021\u00a0 Hor\u00e1rio 06:30hs<br \/>\nMissa ;\u00a0 Dia 30\/01\/2021\u00a0 Hor\u00e1rio 18:00hs<br \/>\nMissa : Dia\u00a0 31\/01\/2021\u00a0 Hor\u00e1rio 09:30\u00a0 19:00hs<\/p>\n<p>Par\u00f3quia Cristo Sacerdote<\/p>\n<p>Missa : Dia\u00a0 27\/01\/2021\u00a0 Hor\u00e1rio 15:00hs<\/p>\n<p>Par\u00f3quia Nossa Senhora do Ros\u00e1rio de F\u00e1tima<\/p>\n<p>Missa : Dia 27\/01\/2021 Hor\u00e1rio 19:30hs<br \/>\nMissa ; Dia 30\/01\/2021 Hor\u00e1rio 19:30hs<br \/>\nMissa : Dia 31\/01\/1021 Hor\u00e1rio\u00a0 07;00\u00a0 08;00\u00a0 10:00\u00a0 19:00hs<\/p>\n<p>Par\u00f3quia Espirito Santo [ Rito Ucraniano ]<\/p>\n<p>Missa :\u00a0 Dia 31\/01\/2021 Hor\u00e1rio 09:00hs<\/p>\n<p>Par\u00f3quia Cristo Rei<\/p>\n<p>Missa : Dia 27\/01\/2021 Hor\u00e1rio 20:00hs<br \/>\nMissa ; Dia 30\/01\/2021 Hor\u00e1rio 18:30\u00a0 \u00a019;30hs<br \/>\nMissa : Dia 31\/01\/2021 Hor\u00e1rio\u00a0 09:00\u00a0 19:30hs<\/p>\n<p>Par\u00f3quia\u00a0 Nossa Senhora do Perp\u00e9tuo Socorro<\/p>\n<p>Missa : Dia 30\/01\/2021 Hor\u00e1rio 20:00hs<br \/>\nMissa : Dia 31\/01\/2021 Hor\u00e1rio 08:30\u00a0 19:30hs<\/p>\n<p>Par\u00f3quia S\u00e3o Francisco Xavier<\/p>\n<p>Missa : Dia 30\/01\/2021 Hor\u00e1rio 20:00hs Matriz<br \/>\nMissa ; Dia 30\/01\/2021 Hor\u00e1rio 18:30hs Diaconia S\u00e3o Marcos<br \/>\nMissa ; Dia 31\/01\/2021 Hor\u00e1rio 07:30\u00a0 09:00hs Matriz<br \/>\nMissa : Dia 31\/01\/2021 Hor\u00e1rio 18;00hs Diaconia Nossa Senhora Aparecida<br \/>\nMissa ; Dia 31\/01\/2021 Hor\u00e1rio 19:30hs Diaconia Nossa Senhora do Rocio<\/p>\n<p>Par\u00f3quia Imaculado Cora\u00e7\u00e3o de Maria<\/p>\n<p>Missa : Dia 31\/01\/2021 Hor\u00e1rio 08:00\u00a0 \u00a009:30\u00a0 \u00a0 19:00hs<\/p>\n<p>Cultos<\/p>\n<p>Primeira Igreja Batista de Apucarana ,<\/p>\n<p>Culto : Dia 28\/01\/2021 Hor\u00e1rio 20:00hs<br \/>\nCulto : Dia 31\/01\/2021 Hor\u00e1rio 09:00\u00a0 \u00a019:30hs<\/p>\n<p>Comunidade Crist\u00e3\u00a0 de Apucarana<\/p>\n<p>Culto : Dia 31\/01\/2021 Hor\u00e1rio 10:00\u00a0 19:00hs<\/p>\n<p>Igreja Gera\u00e7\u00e3o Vida<\/p>\n<p>Culto : Dia 30\/01\/2021\u00a0 Hor\u00e1rio 19:30hs<br \/>\nCulto : Dia 31\/01\/2021 Hor\u00e1rio 19:30hs<\/p>\n<p>Igreja Mission\u00e1ria Unida<\/p>\n<p>Culto : Dia 30\/01\/2021 Hor\u00e1rio 20:00hs<br \/>\nCulto\u00a0 :Dia 31\/01\/2021 Hor\u00e1rio 09:00\u00a0 19:00hs<\/p>\n<p>Igreja Batista Independente<\/p>\n<p>Culto\u00a0; Dia 26\/01\/2021 Hor\u00e1rio 20:00hs<br \/>\nCulto ; Dia 28\/01\/2021 Hor\u00e1rio 20:00hs<br \/>\nCulto ; Dia 31\/01\/2021 Hor\u00e1rio 18:00hs<\/p>\n<p>3\u00aa Igreja do Evangelho Quadrangular<\/p>\n<p>Culto; Dia 31\/01\/2021 Hor\u00e1rio 19:00hs<\/p>\n<p>Igreja Evang\u00e9lica Assembl\u00e9ia de Deus<\/p>\n<p>Culto : Dia 31\/01\/2021 Hor\u00e1rio 19:00hs<\/p>\n<p>Igreja Presbiteriana do Brasil<\/p>\n<p>Culto :Dia 31\/01\/2021 Hor\u00e1rio 09:30hs<\/p>\n<p>Igreja Presbiteriana Independente<\/p>\n<p>Culto\u00a0: Dia 31\/01\/2021 Hor\u00e1rio 19:00hs<\/p>\n<p>Igreja do Evangelho Quadrangular<\/p>\n<p>Culto :\u00a0 Dia 29\/01\/2021 Hor\u00e1rio 19:30hs<\/p>\n<p>Igreja do Evangelho Quadrangular<\/p>\n<p>Culto : Dia 29\/01\/2021 Hor\u00e1rio 20;00HS<br \/>\nCulto : Dia 31\/01\/2021 Hor\u00e1rio 21;00HS<\/p>\n<p>Igreja Metodista Livre<\/p>\n<p>Culto ;\u00a0 Dia 31\/01\/2021 Hor\u00e1rio\u00a0 09:00\u00a0 19:00hs<\/p>\n<p>Igreja Presbiteriana Renovada<\/p>\n<p>Culto : Dia 31\/01\/2021 Hor\u00e1rio 09:30hs<\/p>\n<p>Comunidade Evang\u00e9lica Avivamento B\u00edblico<\/p>\n<p>Culto :Dia 31\/01\/2021 Hor\u00e1rio 19:00hs<\/p>\n<p>Comunidade Caminho da Gra\u00e7a<\/p>\n<p>Culto ; Dia 31\/01\/2021 Hor\u00e1rio 19:00hs<\/p>\n<p>Comunidade Evang\u00e9lica Rio de Vida<\/p>\n<p>Culto ; Dia 31\/01\/2021 Hor\u00e1rio 19:30hs<\/p>\n<p>Igreja da Alian\u00e7a Eterna de Deus<\/p>\n<p>Culto : Dia 28\/01\/2021 Hor\u00e1rio 20:00hs<br \/>\nCulto ; Dia 31\/01\/2021 Hor\u00e1rio 09:00\u00a0 \u00a019:30hs<\/p>\n<div class=\"yj6qo\"><\/div>\n<div class=\"adL\">\n<\/div>\n","protected":false},"excerpt":{"rendered":"<p>A programa\u00e7\u00e3o \u201cOrando por Apucarana\u201d ser\u00e1 desenvolvida do dia 28 (data do anivers\u00e1rio) at\u00e9 o dia 31 de janeiro, um domingo. A escala prev\u00ea 30 missas em diversos hor\u00e1rios e par\u00f3quias e 13 cultos, tamb\u00e9m em v\u00e1rios hor\u00e1rios e denomina\u00e7\u00f5es evang\u00e9licas (Foto: PMA\/arquivo)<\/p>\n","protected":false},"author":4,"featured_media":38913,"comment_status":"closed","ping_status":"open","sticky":false,"template":"","format":"standard","meta":{"footnotes":""},"categories":[24],"tags":[],"class_list":["post-38909","post","type-post","status-publish","format-standard","has-post-thumbnail","hentry","category-noticias"],"acf":[],"_links":{"self":[{"href":"http:\/\/www.apucarana.pr.gov.br\/site\/wp-json\/wp\/v2\/posts\/38909","targetHints":{"allow":["GET"]}}],"collection":[{"href":"http:\/\/www.apucarana.pr.gov.br\/site\/wp-json\/wp\/v2\/posts"}],"about":[{"href":"http:\/\/www.apucarana.pr.gov.br\/site\/wp-json\/wp\/v2\/types\/post"}],"author":[{"embeddable":true,"href":"http:\/\/www.apucarana.pr.gov.br\/site\/wp-json\/wp\/v2\/users\/4"}],"replies":[{"embeddable":true,"href":"http:\/\/www.apucarana.pr.gov.br\/site\/wp-json\/wp\/v2\/comments?post=38909"}],"version-history":[{"count":1,"href":"http:\/\/www.apucarana.pr.gov.br\/site\/wp-json\/wp\/v2\/posts\/38909\/revisions"}],"predecessor-version":[{"id":99191,"href":"http:\/\/www.apucarana.pr.gov.br\/site\/wp-json\/wp\/v2\/posts\/38909\/revisions\/99191"}],"wp:featuredmedia":[{"embeddable":true,"href":"http:\/\/www.apucarana.pr.gov.br\/site\/wp-json\/"}],"wp:attachment":[{"href":"http:\/\/www.apucarana.pr.gov.br\/site\/wp-json\/wp\/v2\/media?parent=38909"}],"wp:term":[{"taxonomy":"category","embeddable":true,"href":"http:\/\/www.apucarana.pr.gov.br\/site\/wp-json\/wp\/v2\/categories?post=38909"},{"taxonomy":"post_tag","embeddable":true,"href":"http:\/\/www.apucarana.pr.gov.br\/site\/wp-json\/wp\/v2\/tags?post=38909"}],"curies":[{"name":"wp","href":"https:\/\/api.w.org\/{rel}","templated":true}]}}