{"id":38899,"date":"2021-01-18T17:40:12","date_gmt":"2021-01-18T19:40:12","guid":{"rendered":"http:\/\/www.apucarana.pr.gov.br\/site\/?p=38899"},"modified":"2024-10-08T09:21:45","modified_gmt":"2024-10-08T12:21:45","slug":"apucarana-inicia-vacinacao-quarta-feira-no-lar-sao-vicente-de-paulo","status":"publish","type":"post","link":"http:\/\/www.apucarana.pr.gov.br\/site\/apucarana-inicia-vacinacao-quarta-feira-no-lar-sao-vicente-de-paulo\/","title":{"rendered":"Apucarana inicia vacina\u00e7\u00e3o quarta-feira no Lar S\u00e3o Vicente de Paulo"},"content":{"rendered":"<p align=\"justify\"><span style=\"font-family: Arial, sans-serif;\"><span style=\"font-size: large;\">Apucarana vai iniciar a vacina\u00e7\u00e3o contra a Covid-19 na quarta-feir<\/span><\/span><span style=\"font-family: Arial, sans-serif;\"><span style=\"font-size: large;\">a<\/span><\/span><span style=\"font-family: Arial, sans-serif;\"><span style=\"font-size: large;\">, \u00e0s 10 horas, no Lar S\u00e3o Vicente de Paulo. Ser\u00e3o imunizados um idoso, um<\/span><\/span><span style=\"font-family: Arial, sans-serif;\"><span style=\"font-size: large;\">a<\/span><\/span><span style=\"font-family: Arial, sans-serif;\"><span style=\"font-size: large;\"> idosa e um <\/span><\/span><span style=\"font-family: Arial, sans-serif;\"><span style=\"font-size: large;\">profissional de sa\u00fade que atua<\/span><\/span><span style=\"font-family: Arial, sans-serif;\"><span style=\"font-size: large;\">m<\/span><\/span><span style=\"font-family: Arial, sans-serif;\"><span style=\"font-size: large;\"> na institui\u00e7\u00e3o. Logo ap\u00f3s o ato, com a presen\u00e7a do prefeito Junior da Femac e a dire\u00e7\u00e3o da Autarquia Municipal de Sa\u00fade <\/span><\/span><span style=\"font-family: Arial, sans-serif;\"><span style=\"font-size: large;\">(AMS)<\/span><\/span><span style=\"font-family: Arial, sans-serif;\"><span style=\"font-size: large;\">, a <\/span><\/span><span style=\"font-family: Arial, sans-serif;\"><span style=\"font-size: large;\">imuniza\u00e7\u00e3o<\/span><\/span><span style=\"font-family: Arial, sans-serif;\"><span style=\"font-size: large;\"> ter\u00e1 sequ\u00eancia com um esquema especial em que a vacina ser\u00e1 levada at\u00e9 os p\u00fablicos atendidos nesta primeira etapa.<\/span><\/span><\/p>\n<p align=\"justify\">\u201c<span style=\"font-family: Arial, sans-serif;\"><span style=\"font-size: large;\">Ser\u00e3o vacinados idosos (60 anos <\/span><\/span><span style=\"font-family: Arial, sans-serif;\"><span style=\"font-size: large;\">ou mais<\/span><\/span><span style=\"font-family: Arial, sans-serif;\"><span style=\"font-size: large;\">) que vivem em institui\u00e7\u00f5es de longa perman\u00eancia e os profissionais de sa\u00fade que atuam na linha de frente no enfrentamento da Covid-19. Tr\u00eas equipes de sa\u00fade ir\u00e3o at\u00e9 os locais onde vivem e trabalham essas pessoas, aplicando a vacina da <\/span><\/span><span style=\"font-family: Arial, sans-serif;\"><span style=\"font-size: large;\">C<\/span><\/span><span style=\"font-family: Arial, sans-serif;\"><span style=\"font-size: large;\">oronav<\/span><\/span><span style=\"font-family: Arial, sans-serif;\"><span style=\"font-size: large;\">a<\/span><\/span><span style=\"font-family: Arial, sans-serif;\"><span style=\"font-size: large;\">c\/<\/span><\/span><span style=\"font-family: Arial, sans-serif;\"><span style=\"font-size: large;\">B<\/span><\/span><span style=\"font-family: Arial, sans-serif;\"><span style=\"font-size: large;\">utantan disponibilizada pelo Governo Federal\u201d, informa o prefeito Junior da Femac.<\/span><\/span><\/p>\n<p align=\"justify\"><span style=\"font-family: Arial, sans-serif;\"><span style=\"font-size: large;\">O prefeito destacou que Apucarana est\u00e1 seguindo o Plano Nacional e Estadual de Imuniza\u00e7\u00e3o. \u201cTemos tudo preparado para cumprir nossa miss\u00e3o que \u00e9 aplicar as vacinas. Temos agulhas; seringas; caixa de perfur<\/span><\/span><span style=\"font-family: Arial, sans-serif;\"><span style=\"font-size: large;\">o<\/span><\/span><span style=\"font-family: Arial, sans-serif;\"><span style=\"font-size: large;\"> cortante (descarte); \u00e1lcool 70; algod\u00e3o; e EPI<\/span><\/span><span style=\"font-family: Arial, sans-serif;\"><span style=\"font-size: large;\">s<\/span><\/span><span style=\"font-family: Arial, sans-serif;\"><span style=\"font-size: large;\">, como m\u00e1scaras cir\u00fargicas, luvas e avental. Todos esses insumos e equipamentos temos em estoque na nossa central de medicamentos e estamos aguardando apenas a chegada da vacina\u201d, <\/span><\/span><span style=\"font-family: Arial, sans-serif;\"><span style=\"font-size: large;\">assegura <\/span><\/span><span style=\"font-family: Arial, sans-serif;\"><span style=\"font-size: large;\">Junior da Femac.<\/span><\/span><\/p>\n<p align=\"justify\"><span style=\"font-family: Arial, sans-serif;\"><span style=\"font-size: large;\">A<\/span><\/span><span style=\"font-family: Arial, sans-serif;\"><span style=\"font-size: large;\">pesar de n\u00e3o utilizar a estrutura de locais de vacina\u00e7\u00e3o do munic\u00edpio nesta primeira etapa da vacina\u00e7\u00e3o, o diretor presidente da AMS, Roberto Kaneta, lembra que Apucarana tem 26 salas de vacina\u00e7\u00e3o em Unidades B\u00e1sicas de Sa\u00fade, com todos os equipamentos necess\u00e1rios, incluindo a geladeira espec\u00edfica para conserva\u00e7\u00e3o de imunobiol\u00f3gicos (vacinas). \u201cApucarana est\u00e1 preparada para realizar seu papel dentro do Plano Nacional de Imuniza\u00e7\u00e3o\u201d, reitera Kaneta.<\/span><\/span><\/p>\n<p align=\"justify\"><span style=\"font-family: Arial, sans-serif;\"><span style=\"font-size: large;\">O Plano Municipal de Imuniza\u00e7\u00e3o, afirma Kaneta, est\u00e1 sendo feito com crit\u00e9rios t\u00e9cnicos, com planejamento para que o munic\u00edpio cumpra a miss\u00e3o dele que \u00e9 aplicar a vacina. \u201cEstamos atuando com a mesma seriedade dos governos federal e estadual e da Anvisa. Vacinar nesta primeira fase os idosos que vivem num mesmo espa\u00e7o dentro das institui\u00e7\u00f5es de longa perman\u00eancia e os trabalhadores de sa\u00fade que est\u00e3o arriscando suas vidas na linha de frente contra Covid-19. \u00c9 a orienta\u00e7\u00e3o nacional e vamos lhes garantir essa prote\u00e7\u00e3o o quando antes\u201d, destaca kaneta. <\/span><\/span><\/p>\n<p align=\"justify\"><span style=\"font-family: Arial, sans-serif;\"><span style=\"font-size: large;\">Os detalhes do Plano Municipal de Imuniza\u00e7\u00e3o foram definidos em reuni\u00e3o na manh\u00e3 de hoje no gabinete municipal com as presen\u00e7as do prefeito Junior da Femac, vice-prefeito Paulo Vital, diretor-presidente da AMS Roberto Kaneta, vice-presidente da AMS Em\u00eddio Bachiega, superintendente da Aten\u00e7\u00e3o B\u00e1sica da AMS Marcelo Viana de Castro, <span style=\"color: #333333;\">coordenador da Divis\u00e3o de Epidemiologia da AMS<\/span> Luciano Pereira da Silva, e o <span style=\"color: #333333;\">coordenador da Assist\u00eancia Farmac\u00eautica e da Central de Medicamentos da AMS, farmac\u00eautico Lucas Liberatti.<\/span> <\/span><\/span><\/p>\n","protected":false},"excerpt":{"rendered":"<p>Simultaneamente ser\u00e3o imunizados profissionais que atuam na linha de frente no combate ao novo coronav\u00edrus<\/p>\n","protected":false},"author":4,"featured_media":38900,"comment_status":"closed","ping_status":"open","sticky":false,"template":"","format":"standard","meta":{"footnotes":""},"categories":[24],"tags":[],"class_list":["post-38899","post","type-post","status-publish","format-standard","has-post-thumbnail","hentry","category-noticias"],"acf":[],"_links":{"self":[{"href":"http:\/\/www.apucarana.pr.gov.br\/site\/wp-json\/wp\/v2\/posts\/38899","targetHints":{"allow":["GET"]}}],"collection":[{"href":"http:\/\/www.apucarana.pr.gov.br\/site\/wp-json\/wp\/v2\/posts"}],"about":[{"href":"http:\/\/www.apucarana.pr.gov.br\/site\/wp-json\/wp\/v2\/types\/post"}],"author":[{"embeddable":true,"href":"http:\/\/www.apucarana.pr.gov.br\/site\/wp-json\/wp\/v2\/users\/4"}],"replies":[{"embeddable":true,"href":"http:\/\/www.apucarana.pr.gov.br\/site\/wp-json\/wp\/v2\/comments?post=38899"}],"version-history":[{"count":1,"href":"http:\/\/www.apucarana.pr.gov.br\/site\/wp-json\/wp\/v2\/posts\/38899\/revisions"}],"predecessor-version":[{"id":99192,"href":"http:\/\/www.apucarana.pr.gov.br\/site\/wp-json\/wp\/v2\/posts\/38899\/revisions\/99192"}],"wp:featuredmedia":[{"embeddable":true,"href":"http:\/\/www.apucarana.pr.gov.br\/site\/wp-json\/"}],"wp:attachment":[{"href":"http:\/\/www.apucarana.pr.gov.br\/site\/wp-json\/wp\/v2\/media?parent=38899"}],"wp:term":[{"taxonomy":"category","embeddable":true,"href":"http:\/\/www.apucarana.pr.gov.br\/site\/wp-json\/wp\/v2\/categories?post=38899"},{"taxonomy":"post_tag","embeddable":true,"href":"http:\/\/www.apucarana.pr.gov.br\/site\/wp-json\/wp\/v2\/tags?post=38899"}],"curies":[{"name":"wp","href":"https:\/\/api.w.org\/{rel}","templated":true}]}}