{"id":38895,"date":"2021-01-18T13:39:25","date_gmt":"2021-01-18T15:39:25","guid":{"rendered":"http:\/\/www.apucarana.pr.gov.br\/site\/?p=38895"},"modified":"2024-10-08T09:21:45","modified_gmt":"2024-10-08T12:21:45","slug":"gentil-pereira-assume-a-secretaria-de-meio-ambiente","status":"publish","type":"post","link":"http:\/\/www.apucarana.pr.gov.br\/site\/gentil-pereira-assume-a-secretaria-de-meio-ambiente\/","title":{"rendered":"Gentil Pereira assume a Secretaria de Meio Ambiente"},"content":{"rendered":"<p class=\"western\" align=\"left\"><span style=\"color: #000000;\"><span style=\"font-family: 'Times New Roman', serif;\"><span style=\"font-size: large;\"><span lang=\"pt\">O prefeito Junior da Femac empossou nesta segunda-feira (18\/01) o ex-vereador Gentil Pereira na Secretaria Municipal de Meio Ambiente. Gentil substitui na fun\u00e7\u00e3o o servidor de carreira S\u00e9rgio Bobig, que continuar\u00e1 na pasta assessorando o novo gestor.<\/span><\/span><\/span><\/span><\/p>\n<p class=\"western\" align=\"left\"><span style=\"color: #000000;\"><span style=\"font-family: 'Times New Roman', serif;\"><span style=\"font-size: large;\"><span lang=\"pt\">Gentil Pereira tem 59 anos, \u00e9 casado com Josiany Cristina Matiusso de Souza e tem dois filhos: os m\u00e9dicos Luis Felipe e Lorayne. Gentil \u00e9 propriet\u00e1rio da empresa \u201cSistema\u201d de m\u00f3veis de escrit\u00f3rio e inform\u00e1tica e, al\u00e9m de ter sido vereador no per\u00edodo de 2017 a 2020, tamb\u00e9m tem forte atua\u00e7\u00e3o em clubes de servi\u00e7o, como Ferra Mula, Lions Clube, Turma da Alegria e nas Lojas Ma\u00e7\u00f4nicas XV de Novembro e S\u00e1 Carvalho.<\/span><\/span><\/span><\/span><\/p>\n<p class=\"western\" align=\"left\"><span style=\"color: #000000;\">\u201c<span style=\"font-family: 'Times New Roman', serif;\"><span style=\"font-size: large;\"><span lang=\"pt\">Al\u00e9m de dar continuidade em v\u00e1rias a\u00e7\u00f5es que j\u00e1 est\u00e3o em desenvolvimento, como os programas de destina\u00e7\u00e3o de res\u00edduos t\u00eaxteis que j\u00e1 recolheu mais de 600 toneladas de material e o de pneus inserv\u00edveis, que j\u00e1 coletou mais de 80 mil unidades, o Gentil ter\u00e1 dois grandes desafios pela frente. Um deles ser\u00e1 implantar o servi\u00e7o de coleta de m\u00f3veis usados e o outro ser\u00e1 a implanta\u00e7\u00e3o do licenciamento ambiental municipal\u201d, frisou o prefeito Junior da Femac, acrescentando que no in\u00edcio deste ano tamb\u00e9m ser\u00e1 programada a soltura de mais 500 mil alevinos em rios e lagos de Apucarana. <\/span><\/span><\/span><\/span><\/p>\n<p class=\"western\" align=\"left\"><span style=\"color: #000000;\"><span style=\"font-family: 'Times New Roman', serif;\"><span style=\"font-size: large;\"><span lang=\"pt\">O prefeito afirma que o novo secret\u00e1rio agrega o perfil empresarial e a vis\u00e3o do servi\u00e7o p\u00fablico que obteve atrav\u00e9s na experi\u00eancia no Legislativo. \u201cSendo oriundo da iniciativa privada, o Gentil sabe que o empres\u00e1rio precisa da informa\u00e7\u00e3o correta para poder agir. J\u00e1 a experi\u00eancia no Legislativo lhe mostrou a import\u00e2ncia do di\u00e1logo com a popula\u00e7\u00e3o e as dificuldades que existem na obten\u00e7\u00e3o de recursos\u201d, avalia Junior da Femac. <\/span><\/span><\/span><\/span><\/p>\n<p class=\"western\" align=\"left\"><span style=\"color: #000000;\"><span style=\"font-family: 'Times New Roman', serif;\"><span style=\"font-size: large;\"><span lang=\"pt\">Ap\u00f3s receber o convite do prefeito, Gentil afirma que programou a sua vida profissional para que pudesse se dedicar integralmente \u00e0 Secretaria de Meio Ambiente. \u201c\u00c9 uma pasta abrangente, que engloba v\u00e1rios servi\u00e7os que v\u00e3o desde a poda, corte e plantio de \u00e1rvores, licenciamento ambiental, planos de gerenciamento de res\u00edduos da constru\u00e7\u00e3o civil, conserva\u00e7\u00e3o de \u00e1reas ambientais, coleta de lixo, aterro sanit\u00e1rio e fiscaliza\u00e7\u00e3o, entre outros. Sou grato pelo convite e sei que ser\u00e1 uma grande responsabilidade estar \u00e0 frente de uma pasta t\u00e3o importante\u201d, ressalta Gentil. <\/span><\/span><\/span><\/span><\/p>\n<p class=\"western\" align=\"left\"><span style=\"color: #000000;\"><span style=\"font-family: 'Times New Roman', serif;\"><span style=\"font-size: large;\"><span lang=\"pt\">S\u00e9rgio Bobig agradeceu o apoio da equipe no per\u00edodo em que ficou \u00e0 frente da Secretaria e se colocou \u00e0 disposi\u00e7\u00e3o para auxiliar o novo gestor. \u201cQuero agradecer a confian\u00e7a que tive do prefeito Junior da Femac e tamb\u00e9m a iniaciativa de transferir a sede da secretaria para o Parque Jaboti, mostrando sensibilidade e priorizando o setor ambiental. Por \u00faltimo, quero agradecer a cada um dos 16 funcion\u00e1rios da secretaria que sempre foram parceiros no desenvolvimento do trabalho\u201d, reiterou Bobig. <\/span><\/span><\/span><\/span><\/p>\n","protected":false},"excerpt":{"rendered":"<p>O empres\u00e1rio e ex-vereador substitui na fun\u00e7\u00e3o o servidor de carreira S\u00e9rgio Bobig, que continuar\u00e1 na pasta assessorando o novo gestor. (Foto; PMA)<\/p>\n","protected":false},"author":4,"featured_media":38897,"comment_status":"closed","ping_status":"open","sticky":false,"template":"","format":"standard","meta":{"footnotes":""},"categories":[24],"tags":[],"class_list":["post-38895","post","type-post","status-publish","format-standard","has-post-thumbnail","hentry","category-noticias"],"acf":[],"_links":{"self":[{"href":"http:\/\/www.apucarana.pr.gov.br\/site\/wp-json\/wp\/v2\/posts\/38895","targetHints":{"allow":["GET"]}}],"collection":[{"href":"http:\/\/www.apucarana.pr.gov.br\/site\/wp-json\/wp\/v2\/posts"}],"about":[{"href":"http:\/\/www.apucarana.pr.gov.br\/site\/wp-json\/wp\/v2\/types\/post"}],"author":[{"embeddable":true,"href":"http:\/\/www.apucarana.pr.gov.br\/site\/wp-json\/wp\/v2\/users\/4"}],"replies":[{"embeddable":true,"href":"http:\/\/www.apucarana.pr.gov.br\/site\/wp-json\/wp\/v2\/comments?post=38895"}],"version-history":[{"count":1,"href":"http:\/\/www.apucarana.pr.gov.br\/site\/wp-json\/wp\/v2\/posts\/38895\/revisions"}],"predecessor-version":[{"id":99193,"href":"http:\/\/www.apucarana.pr.gov.br\/site\/wp-json\/wp\/v2\/posts\/38895\/revisions\/99193"}],"wp:featuredmedia":[{"embeddable":true,"href":"http:\/\/www.apucarana.pr.gov.br\/site\/wp-json\/"}],"wp:attachment":[{"href":"http:\/\/www.apucarana.pr.gov.br\/site\/wp-json\/wp\/v2\/media?parent=38895"}],"wp:term":[{"taxonomy":"category","embeddable":true,"href":"http:\/\/www.apucarana.pr.gov.br\/site\/wp-json\/wp\/v2\/categories?post=38895"},{"taxonomy":"post_tag","embeddable":true,"href":"http:\/\/www.apucarana.pr.gov.br\/site\/wp-json\/wp\/v2\/tags?post=38895"}],"curies":[{"name":"wp","href":"https:\/\/api.w.org\/{rel}","templated":true}]}}