{"id":38875,"date":"2021-01-16T11:13:59","date_gmt":"2021-01-16T13:13:59","guid":{"rendered":"http:\/\/www.apucarana.pr.gov.br\/site\/?p=38875"},"modified":"2024-10-08T09:21:45","modified_gmt":"2024-10-08T12:21:45","slug":"prefeito-manifesta-condolencias-pela-morte-da-pioneira-maria-bertoli","status":"publish","type":"post","link":"http:\/\/www.apucarana.pr.gov.br\/site\/prefeito-manifesta-condolencias-pela-morte-da-pioneira-maria-bertoli\/","title":{"rendered":"Prefeito manifesta condol\u00eancias pela morte da pioneira Maria Bertoli"},"content":{"rendered":"<p>O prefeito Junior da Femac lamentou na manh\u00e3 deste s\u00e1bado (16), o falecimento da pioneira Maria Luiza Forner Bertoli, aos 80 anos de idade. Ela era de fam\u00edlia bastante tradicional de Apucarana, que se estabeleceu nos primeiros anos de Apucarana, em propriedade rural do Distrito de Correia de Freitas.<\/p>\n<p>Segundo informa\u00e7\u00f5es da fam\u00edlia, Dona Maria Luiza Forner Bertoli estava internada h\u00e1 poucos dias no Hospital da Provid\u00eancia, e n\u00e3o resistiu \u00e0s complica\u00e7\u00f5es da Covid-19, indo a \u00f3bito na madrugada deste s\u00e1bado. Seguindo o protocolo da pandemia, n\u00e3o haver\u00e1 vel\u00f3rio e o sepultamento acontece \u00e0s 10:30 no Cemit\u00e9rio Cristo Rei.<\/p>\n<p>A pioneira se dedicou sua vida aos filhos Marcos, Luiz, Mauro e Adenilde. Seu esposo Volveno Bertoli, ex-vereador e produtor rural, faleceu no ano de 2000. Maria Luiza Forner Bertoli era muito religiosa, tendo participado desde a sua juventude do grupo Uni\u00e3o das Filhas de Maria, na Diaconia do Pinhalzinho. Mais tarde, passou a integrar o Coral da Terceira Idade da Catedral Nossa Senhora de Lourdes.<\/p>\n<p>&#8220;Lamentamos profundamente a perda dessa senhora pioneira, matriarca da fam\u00edlia Bertoli, que sempre participou ativamente da vida p\u00fablica e pol\u00edtica de Apucarana. Era uma pessoa muito querida na sociedade local pela sua presteza, sua f\u00e9 e religiosidade&#8221;, comentou o prefeito Junior da Femac, manifestando suas condol\u00eancias \u00e0 familiares e amigos. &#8220;Espero que Deus conforte seus filhos, netos, bisnetos e, enfim, as pessoas que comp\u00f5em seu grande c\u00edrculo de amizades em Apucarana&#8221;, concluiu o prefeito.<\/p>\n<p>&nbsp;<\/p>\n","protected":false},"excerpt":{"rendered":"<p>De fam\u00edlia tradicional e m\u00e3e do vereador Mauro Bertoli, ela n\u00e3o suportou as complica\u00e7\u00f5es da Covid-19\u00a0<\/p>\n","protected":false},"author":4,"featured_media":38876,"comment_status":"closed","ping_status":"open","sticky":false,"template":"","format":"standard","meta":{"footnotes":""},"categories":[24],"tags":[],"class_list":["post-38875","post","type-post","status-publish","format-standard","has-post-thumbnail","hentry","category-noticias"],"acf":[],"_links":{"self":[{"href":"http:\/\/www.apucarana.pr.gov.br\/site\/wp-json\/wp\/v2\/posts\/38875","targetHints":{"allow":["GET"]}}],"collection":[{"href":"http:\/\/www.apucarana.pr.gov.br\/site\/wp-json\/wp\/v2\/posts"}],"about":[{"href":"http:\/\/www.apucarana.pr.gov.br\/site\/wp-json\/wp\/v2\/types\/post"}],"author":[{"embeddable":true,"href":"http:\/\/www.apucarana.pr.gov.br\/site\/wp-json\/wp\/v2\/users\/4"}],"replies":[{"embeddable":true,"href":"http:\/\/www.apucarana.pr.gov.br\/site\/wp-json\/wp\/v2\/comments?post=38875"}],"version-history":[{"count":1,"href":"http:\/\/www.apucarana.pr.gov.br\/site\/wp-json\/wp\/v2\/posts\/38875\/revisions"}],"predecessor-version":[{"id":99194,"href":"http:\/\/www.apucarana.pr.gov.br\/site\/wp-json\/wp\/v2\/posts\/38875\/revisions\/99194"}],"wp:featuredmedia":[{"embeddable":true,"href":"http:\/\/www.apucarana.pr.gov.br\/site\/wp-json\/"}],"wp:attachment":[{"href":"http:\/\/www.apucarana.pr.gov.br\/site\/wp-json\/wp\/v2\/media?parent=38875"}],"wp:term":[{"taxonomy":"category","embeddable":true,"href":"http:\/\/www.apucarana.pr.gov.br\/site\/wp-json\/wp\/v2\/categories?post=38875"},{"taxonomy":"post_tag","embeddable":true,"href":"http:\/\/www.apucarana.pr.gov.br\/site\/wp-json\/wp\/v2\/tags?post=38875"}],"curies":[{"name":"wp","href":"https:\/\/api.w.org\/{rel}","templated":true}]}}