{"id":38870,"date":"2021-01-15T21:07:10","date_gmt":"2021-01-15T23:07:10","guid":{"rendered":"http:\/\/www.apucarana.pr.gov.br\/site\/?p=38870"},"modified":"2024-10-08T09:21:46","modified_gmt":"2024-10-08T12:21:46","slug":"apucarana-garante-recursos-para-acelerar-obras-de-escolas-e-cmeis","status":"publish","type":"post","link":"http:\/\/www.apucarana.pr.gov.br\/site\/apucarana-garante-recursos-para-acelerar-obras-de-escolas-e-cmeis\/","title":{"rendered":"Apucarana garante recursos para\u00a0acelerar obras de escolas e CMEIs"},"content":{"rendered":"<p>&nbsp;<\/p>\n<p>\u201cTivemos hoje (15), em Bras\u00edlia, uma reuni\u00e3o extremamente produtiva, com a Diretoria de Gest\u00e3o, Articula\u00e7\u00e3o e de Projetos Educacionais (DIGAP), \u00f3rg\u00e3o do Minist\u00e9rio da Educa\u00e7\u00e3o\u201d. \u00a0A avalia\u00e7\u00e3o \u00e9 do prefeito de Apucarana, Junior da Femac, que acompanhado de assessoria t\u00e9cnica do deputado federal S\u00e9rgio Souza, cumpriu agenda no Fundo Nacional de Desenvolvimento da Educa\u00e7\u00e3o (FNDE).<\/p>\n<p>\u201cConseguimos liberar o pagamento imediato de R$ 219.844,04, referente \u00e0s obras da Escola do Residencial Interlagos. Vale ressaltar que esta medi\u00e7\u00e3o estava parada desde o dia 23 de novembro e nesta reuni\u00e3o conseguimos a libera\u00e7\u00e3o\u201d, assinalou.<\/p>\n<p>No encontro com os t\u00e9cnicos do Minist\u00e9rio da Educa\u00e7\u00e3o, tamb\u00e9m pediu prioridade na libera\u00e7\u00e3o do CMEI do Parque Bela Vista, que ser\u00e1 constru\u00edda em \u00e1rea j\u00e1 reservada, no encontro das ruas Alexandre Balan e Jonas matulaitis. Ao mesmo tempo, Junior da Femac fez uma checagem sobre a tramita\u00e7\u00e3o dos documentos relativos \u00e0 nova escola que ser\u00e1 constru\u00edda no Residencial Solo Sagrado.<\/p>\n<p>O prefeito cobrou ainda a libera\u00e7\u00e3o dos recursos referentes aos tr\u00eas Centros Municipais de Educa\u00e7\u00e3o Infantil (CMEIs) que est\u00e3o sendo edificados no N\u00facleo Afonso Camargo, Loteamento Sanches dos Santos e no Jardim Catua\u00ed. Conforme assegurou Tina Zazelis, diretora t\u00e9cnica da DIGAP, os recursos ser\u00e3o liberados em meados de fevereiro.<\/p>\n<p>\u201cAo todo temos seis obras sendo realizadas em Apucarana, mediante parcerias firmadas entre a prefeitura, Autarquia Municipal de Educa\u00e7\u00e3o e o Governo Federal. S\u00e3o mais de R$ 16 milh\u00f5es de investimentos nestes novos pr\u00e9dios escolares, que ir\u00e3o gerar 480 novas vagas em creches e mais 720 novas vagas em escolas\u201d, informou o prefeito Junior da Femac, avaliando positivamente os resultados de sua agenda no Fundo nacional de Desenvolvimento da Educa\u00e7\u00e3o (FNDE), em Bras\u00edlia.<\/p>\n<p>Conforme argumenta o prefeito, s\u00e3o obras fundamentais para a educa\u00e7\u00e3o de Apucarana. \u201cQueremos ainda em 2021 dispor da escola do Interlagos e os dos tr\u00eas CMEIs do Afonso Camargo, Catua\u00ed e Sanches dos Santos. Tamb\u00e9m vamos trabalhar para que tenhamos bem adiantadas as obras da escola do Solo Sagrado e do CMEI do Parque Bela Vista\u201d, comentou.<\/p>\n<p>A assessoria do deputado S\u00e9rgio Souza agendou e nos acompanhou na reuni\u00e3o.<\/p>\n<p>De acordo com a engenheira civil da Autarquia Municipal de Educa\u00e7\u00e3o (<em>AME<\/em>),\u00a0<em>Miriam<\/em>\u00a0Favoreto Corbacho,o Munic\u00edpio possui quatro obras em execu\u00e7\u00e3o, conveniadas com\u00a0 \u00a0o Fundo Nacional de Desenvolvimento da Educa\u00e7\u00e3o (<em>FNDE<\/em>), e outras duas em fase de libera\u00e7\u00e3o.<\/p>\n<p>Conforme explica a engenheira, al\u00e9m de problemas burocr\u00e1ticos nos repasses, as construtoras tamb\u00e9m foram afetadas pela pandemia do coronav\u00edrus e est\u00e3o enfrentando dificuldades com a demora na entrega de materiais de constru\u00e7\u00e3o. \u201cCom isso, as obras tiveram atraso no seu cronograma de entrega, atingindo at\u00e9 o momento 57,61% do total no CMEI do Afonso Camargo; 70,86% no CMEI do Jardim Catua\u00ed; 63,94% no CMEI do Sanches dos Santos; e 51,45% na escola do Residencial Interlagos\u201d, informa a engenheira Miriam Favoreto Corbacho.<\/p>\n","protected":false},"excerpt":{"rendered":"<p>Prefeito Junior da Femac se reuniu em Bras\u00edlia com equipe t\u00e9cnica do Fundo Nacional de Desenvolvimento da Educa\u00e7\u00e3o (FNDE) (Foto: divulga\u00e7\u00e3o)<\/p>\n","protected":false},"author":4,"featured_media":38872,"comment_status":"closed","ping_status":"open","sticky":false,"template":"","format":"standard","meta":{"footnotes":""},"categories":[24],"tags":[],"class_list":["post-38870","post","type-post","status-publish","format-standard","has-post-thumbnail","hentry","category-noticias"],"acf":[],"_links":{"self":[{"href":"http:\/\/www.apucarana.pr.gov.br\/site\/wp-json\/wp\/v2\/posts\/38870","targetHints":{"allow":["GET"]}}],"collection":[{"href":"http:\/\/www.apucarana.pr.gov.br\/site\/wp-json\/wp\/v2\/posts"}],"about":[{"href":"http:\/\/www.apucarana.pr.gov.br\/site\/wp-json\/wp\/v2\/types\/post"}],"author":[{"embeddable":true,"href":"http:\/\/www.apucarana.pr.gov.br\/site\/wp-json\/wp\/v2\/users\/4"}],"replies":[{"embeddable":true,"href":"http:\/\/www.apucarana.pr.gov.br\/site\/wp-json\/wp\/v2\/comments?post=38870"}],"version-history":[{"count":1,"href":"http:\/\/www.apucarana.pr.gov.br\/site\/wp-json\/wp\/v2\/posts\/38870\/revisions"}],"predecessor-version":[{"id":99195,"href":"http:\/\/www.apucarana.pr.gov.br\/site\/wp-json\/wp\/v2\/posts\/38870\/revisions\/99195"}],"wp:featuredmedia":[{"embeddable":true,"href":"http:\/\/www.apucarana.pr.gov.br\/site\/wp-json\/"}],"wp:attachment":[{"href":"http:\/\/www.apucarana.pr.gov.br\/site\/wp-json\/wp\/v2\/media?parent=38870"}],"wp:term":[{"taxonomy":"category","embeddable":true,"href":"http:\/\/www.apucarana.pr.gov.br\/site\/wp-json\/wp\/v2\/categories?post=38870"},{"taxonomy":"post_tag","embeddable":true,"href":"http:\/\/www.apucarana.pr.gov.br\/site\/wp-json\/wp\/v2\/tags?post=38870"}],"curies":[{"name":"wp","href":"https:\/\/api.w.org\/{rel}","templated":true}]}}