{"id":38837,"date":"2021-01-14T14:06:55","date_gmt":"2021-01-14T16:06:55","guid":{"rendered":"http:\/\/www.apucarana.pr.gov.br\/site\/?p=38837"},"modified":"2024-10-08T09:21:46","modified_gmt":"2024-10-08T12:21:46","slug":"policia-recupera-equipamentos-furtados-de-ambulancias-do-samu","status":"publish","type":"post","link":"http:\/\/www.apucarana.pr.gov.br\/site\/policia-recupera-equipamentos-furtados-de-ambulancias-do-samu\/","title":{"rendered":"Pol\u00edcia recupera equipamentos furtados de ambul\u00e2ncias do SAMU"},"content":{"rendered":"<p>Ap\u00f3s receber den\u00fancia, o setor de furtos e roubos da 17\u00aa Subdivis\u00e3o Policial recuperou na manh\u00e3 de hoje (14) os equipamentos furtados de duas ambul\u00e2ncias do SAMU de Apucarana na madrugada do \u00faltimo s\u00e1bado (9). A pol\u00edcia recebeu a informa\u00e7\u00e3o da localiza\u00e7\u00e3o do autor do furto e, com o aux\u00edlio da Policia Militar, o conduziu a delegacia onde foi interrogado informalmente no in\u00edcio da manh\u00e3.<\/p>\n<p>O autor do furto, que a principio est\u00e1 sendo descrito com um morador de rua, confessou informalmente o crime e informou o endere\u00e7o da resid\u00eancia em que se encontrava os equipamentos. De acordo com o delegado chefe da 17\u00aa SDP, Marcos Rodrigues, foram recuperados todos os equipamentos furtados, com exce\u00e7\u00e3o de dois celulares e um aparelho de GPS.<\/p>\n<p>O interrogat\u00f3rio formal do autor do crime est\u00e1 previsto para acontecer ainda hoje. A informa\u00e7\u00e3o preliminar \u00e9 de que a pessoa que praticou o crime \u00e9 da cidade de Jataizinho e estaria na cidade hospedado na Casa de Miseric\u00f3rdia, local que acolhe moradores de ruas e andarilhos. A pol\u00edcia informa que ainda precisa comprovar a identidade do interrogado.<\/p>\n<p>De acordo com o vice-presidente da Autarquia municipal de Sa\u00fade, Em\u00eddio Bachiega, os equipamentos j\u00e1 foram levados para sede de SAMU e voltam a ser utilizados ainda hoje. \u201cAs duas ambul\u00e2ncias estavam operando com equipamentos reservas. Tamb\u00e9m j\u00e1 adotamos medidas para refor\u00e7ar a seguran\u00e7a da sede do SAMU, onde as ambul\u00e2ncias estavam estacionadas no momento do furto\u201d, informou Bachiega.<\/p>\n<p>Foram furtados das duas ambul\u00e2ncias dois desfibriladores autom\u00e1ticos de \u00faltima gera\u00e7\u00e3o, no valor de R$ 6,5 mil cada; dois aparelhos de press\u00e3o; dois estetosc\u00f3pios; dois ox\u00edmetros; dois kits para pequenas cirurgias; uma bolsa de resgate; dois term\u00f4metros; um GPS; dois celulares e uma lanterna. O valor dos equipamentos \u00e9 estimado em cerca de R$ 35 mil.<\/p>\n<p>O prefeito Junior da Femac agradeceu o trabalho de investiga\u00e7\u00e3o realizado pelo 10\u00ba Batalh\u00e3o da Pol\u00edcia Militar e equipe da 17\u00aa Subdivis\u00e3o Policial de Apucarana. &#8220;S\u00e3o equipamentos do SAMU utilizados para salvar vidas e que, felizmente, j\u00e1 foram resgatados pelas nossas for\u00e7as de seguran\u00e7a&#8221;, assinalou o prefeito Junior da Femac.<\/p>\n<p>&nbsp;<\/p>\n","protected":false},"excerpt":{"rendered":"<p>Furto aconteceu no \u00faltimo s\u00e1bado e teria sido praticado por um morador de rua\u00a0<\/p>\n","protected":false},"author":4,"featured_media":38838,"comment_status":"closed","ping_status":"open","sticky":false,"template":"","format":"standard","meta":{"footnotes":""},"categories":[24],"tags":[],"class_list":["post-38837","post","type-post","status-publish","format-standard","has-post-thumbnail","hentry","category-noticias"],"acf":[],"_links":{"self":[{"href":"http:\/\/www.apucarana.pr.gov.br\/site\/wp-json\/wp\/v2\/posts\/38837","targetHints":{"allow":["GET"]}}],"collection":[{"href":"http:\/\/www.apucarana.pr.gov.br\/site\/wp-json\/wp\/v2\/posts"}],"about":[{"href":"http:\/\/www.apucarana.pr.gov.br\/site\/wp-json\/wp\/v2\/types\/post"}],"author":[{"embeddable":true,"href":"http:\/\/www.apucarana.pr.gov.br\/site\/wp-json\/wp\/v2\/users\/4"}],"replies":[{"embeddable":true,"href":"http:\/\/www.apucarana.pr.gov.br\/site\/wp-json\/wp\/v2\/comments?post=38837"}],"version-history":[{"count":1,"href":"http:\/\/www.apucarana.pr.gov.br\/site\/wp-json\/wp\/v2\/posts\/38837\/revisions"}],"predecessor-version":[{"id":99197,"href":"http:\/\/www.apucarana.pr.gov.br\/site\/wp-json\/wp\/v2\/posts\/38837\/revisions\/99197"}],"wp:featuredmedia":[{"embeddable":true,"href":"http:\/\/www.apucarana.pr.gov.br\/site\/wp-json\/"}],"wp:attachment":[{"href":"http:\/\/www.apucarana.pr.gov.br\/site\/wp-json\/wp\/v2\/media?parent=38837"}],"wp:term":[{"taxonomy":"category","embeddable":true,"href":"http:\/\/www.apucarana.pr.gov.br\/site\/wp-json\/wp\/v2\/categories?post=38837"},{"taxonomy":"post_tag","embeddable":true,"href":"http:\/\/www.apucarana.pr.gov.br\/site\/wp-json\/wp\/v2\/tags?post=38837"}],"curies":[{"name":"wp","href":"https:\/\/api.w.org\/{rel}","templated":true}]}}