{"id":38826,"date":"2021-01-13T19:05:14","date_gmt":"2021-01-13T21:05:14","guid":{"rendered":"http:\/\/www.apucarana.pr.gov.br\/site\/?p=38826"},"modified":"2024-10-08T09:21:46","modified_gmt":"2024-10-08T12:21:46","slug":"junior-da-femac-apresenta-projetos-em-audiencia-com-o-governador-ratinho-junior","status":"publish","type":"post","link":"http:\/\/www.apucarana.pr.gov.br\/site\/junior-da-femac-apresenta-projetos-em-audiencia-com-o-governador-ratinho-junior\/","title":{"rendered":"Junior da Femac apresenta projetos em\u00a0audi\u00eancia com o Governador Ratinho Junior"},"content":{"rendered":"<p style=\"text-align: left;\" align=\"center\">Em audi\u00eancia mantida na manh\u00e3 desta quarta-feira (13), no Pal\u00e1cio Igua\u00e7u em Curitiba, com o Governador Ratinho Junior, o prefeito de Apucarana, Junior da Femac, apresentou um pacote de projetos, que pretende viabilizar mediante parcerias com o Estado. \u00a0Tamb\u00e9m participaram os secret\u00e1rios da sa\u00fade, Beto Preto \u2013 respons\u00e1vel pelo agendamento da reuni\u00e3o-, e do desenvolvimento urbano, Jo\u00e3o Carlos Ortega.<\/p>\n<p><span style=\"font-family: 'Times New Roman', serif;\"><span style=\"font-size: medium;\">Acompanhado do vice-prefeito Paulo S\u00e9rgio Vital, e do presidente da C\u00e2mara Municipal, vereador Francylei de Godoi \u201cPoim\u201d, Junior da Femac exp\u00f4s doze projetos. O prefeito usou recursos de v\u00eddeos e perspectivas dos projetos na apresenta\u00e7\u00e3o de um pacote de obras planejadas para Apucarana.<\/span><\/span><\/p>\n<p><span style=\"font-family: 'Times New Roman', serif;\"><span style=\"font-size: medium;\">Entre os projetos mostrados pelo prefeito ao governador e secret\u00e1rios, incluem-se a reforma total do pr\u00e9dio do Mercado Municipal, constru\u00eddo h\u00e1 65 anos; e a duplica\u00e7\u00e3o de tr\u00eas trechos urbanos das BR-376 e BR-369, que cortam o per\u00edmetro urbano de Apucarana. As obras contemplam as entradas da cidade, nas avenidas Brasil, Minas Gerais e Governador Roberto da Silveira. <\/span><\/span><\/p>\n<p>\u201c<span style=\"font-family: 'Times New Roman', serif;\"><span style=\"font-size: medium;\">Tamb\u00e9m apresentamos os projetos de v\u00e1rios trechos de ciclovias, de pavimenta\u00e7\u00e3o asf\u00e1ltica em bairros, novo acesso \u00e0 cidade no Contorno Norte e ainda do Parque Linear no Residencial Interlagos\u201d, revelou Junior da Femac. Segundo ele, a reuni\u00e3o foi muito produtiva e os projetos tiveram boa receptividade da parte do governador.<\/span><\/span><\/p>\n<p>\u201c<span style=\"font-family: 'Times New Roman', serif;\"><span style=\"font-size: medium;\">O governador Ratinho Junior se comprometeu a liberar recursos para viabilizar as obras almejadas por Apucarana. Ele tamb\u00e9m elogiou a qualidade dos projetos e destacou que fica mais f\u00e1cil firmar parcerias com munic\u00edpios que t\u00eam gest\u00f5es organizadas\u201d, relatou Junior da Femac. <\/span><\/span><\/p>\n<p><span style=\"font-family: 'Times New Roman', serif;\"><span style=\"font-size: medium;\">O Programa Cal\u00e7adas Solid\u00e1rias de Apucarana, que j\u00e1 atingiu mais de 100 km lineares, tamb\u00e9m chamou a aten\u00e7\u00e3o do governador, que manifestou a inten\u00e7\u00e3o de aproveitar a id\u00e9ia. \u201cOutra iniciativa que agradou Ratinho Junior foi a proposta de criar 27 km de ciclovias em Apucarana\u201d, informou o prefeito. <\/span><\/span><\/p>\n<p><span style=\"font-family: 'Times New Roman', serif;\"><span style=\"font-size: medium;\"><b>BETO PRETO<\/b> &#8211; O secret\u00e1rio de sa\u00fade Beto Preto disse que foi uma importante reuni\u00e3o de trabalho, na qual foram apresentadas ao governador as demandas do munic\u00edpio. \u201cRatinho Junior ouviu atentamente as explana\u00e7\u00f5es, que remontam investimentos de mais de R$ 25 milh\u00f5es, e anunciou que o estado ir\u00e1 firmar parcerias para concretiza\u00e7\u00e3o deste pacote de obras\u201d, comentou Beto Preto, que agradeceu a aten\u00e7\u00e3o especial do governador e do secret\u00e1rio Ortega, em rela\u00e7\u00e3o \u00e0s reivindica\u00e7\u00f5es de Apucarana. <\/span><\/span><\/p>\n<p><span style=\"font-family: 'Times New Roman', serif;\"><span style=\"font-size: medium;\"><b>ORTEGA<\/b> &#8211; Para o secret\u00e1rio do desenvolvimento urbano, Jo\u00e3o Carlos Ortega, o prefeito Junior da Femac trouxe importantes projetos, visando \u00e0 execu\u00e7\u00e3o de obras estruturantes em Apucarana. \u201cS\u00e3o projetos de qualidade e ir\u00e3o garantir mais mobilidade e expans\u00e3o urbana, com duplica\u00e7\u00f5es, ciclovias, al\u00e9m de um parque ambiental e mercad\u00e3o municipal\u201d, avaliou Ortega, acrescentando que a Sedu ser\u00e1 parceira de Apucarana nestes projetos. <\/span><\/span><\/p>\n","protected":false},"excerpt":{"rendered":"<p>Apucarana busca parcerias para viabilizar pacote de obras, que inclui ciclovias, duplica\u00e7\u00f5es e a reforma do Mercado Municipal (Foto; divulga\u00e7\u00e3o)<\/p>\n","protected":false},"author":4,"featured_media":38827,"comment_status":"closed","ping_status":"open","sticky":false,"template":"","format":"standard","meta":{"footnotes":""},"categories":[24],"tags":[],"class_list":["post-38826","post","type-post","status-publish","format-standard","has-post-thumbnail","hentry","category-noticias"],"acf":[],"_links":{"self":[{"href":"http:\/\/www.apucarana.pr.gov.br\/site\/wp-json\/wp\/v2\/posts\/38826","targetHints":{"allow":["GET"]}}],"collection":[{"href":"http:\/\/www.apucarana.pr.gov.br\/site\/wp-json\/wp\/v2\/posts"}],"about":[{"href":"http:\/\/www.apucarana.pr.gov.br\/site\/wp-json\/wp\/v2\/types\/post"}],"author":[{"embeddable":true,"href":"http:\/\/www.apucarana.pr.gov.br\/site\/wp-json\/wp\/v2\/users\/4"}],"replies":[{"embeddable":true,"href":"http:\/\/www.apucarana.pr.gov.br\/site\/wp-json\/wp\/v2\/comments?post=38826"}],"version-history":[{"count":1,"href":"http:\/\/www.apucarana.pr.gov.br\/site\/wp-json\/wp\/v2\/posts\/38826\/revisions"}],"predecessor-version":[{"id":99198,"href":"http:\/\/www.apucarana.pr.gov.br\/site\/wp-json\/wp\/v2\/posts\/38826\/revisions\/99198"}],"wp:featuredmedia":[{"embeddable":true,"href":"http:\/\/www.apucarana.pr.gov.br\/site\/wp-json\/"}],"wp:attachment":[{"href":"http:\/\/www.apucarana.pr.gov.br\/site\/wp-json\/wp\/v2\/media?parent=38826"}],"wp:term":[{"taxonomy":"category","embeddable":true,"href":"http:\/\/www.apucarana.pr.gov.br\/site\/wp-json\/wp\/v2\/categories?post=38826"},{"taxonomy":"post_tag","embeddable":true,"href":"http:\/\/www.apucarana.pr.gov.br\/site\/wp-json\/wp\/v2\/tags?post=38826"}],"curies":[{"name":"wp","href":"https:\/\/api.w.org\/{rel}","templated":true}]}}