{"id":38770,"date":"2021-01-12T18:25:36","date_gmt":"2021-01-12T20:25:36","guid":{"rendered":"http:\/\/www.apucarana.pr.gov.br\/site\/?p=38770"},"modified":"2024-10-08T09:21:46","modified_gmt":"2024-10-08T12:21:46","slug":"pandemia-limita-comemoracao-dos-77-anos-de-apucarana","status":"publish","type":"post","link":"http:\/\/www.apucarana.pr.gov.br\/site\/pandemia-limita-comemoracao-dos-77-anos-de-apucarana\/","title":{"rendered":"Pandemia limita comemora\u00e7\u00e3o dos 77 anos de Apucarana"},"content":{"rendered":"<p class=\"western\" style=\"text-align: left;\" align=\"center\"><i><\/i><span style=\"font-family: 'Times New Roman', serif;\"><span style=\"font-size: medium;\">O anivers\u00e1rio de Apucarana n\u00e3o vai passar em branco. Os 77 anos de emancipa\u00e7\u00e3o pol\u00edtica e administrativa de Apucarana em rela\u00e7\u00e3o \u00e0 cidade de Londrina, celebrado em 28 de janeiro, ter\u00e1 uma programa\u00e7\u00e3o adaptada ao \u201cnovo normal\u201d, com eventos que atendem \u00e0s recomenda\u00e7\u00f5es das autoridades de sa\u00fade em preven\u00e7\u00e3o ao novo coronav\u00edrus (Covid-19). <\/span><\/span><\/p>\n<p class=\"western\" align=\"justify\"><span style=\"font-family: 'Times New Roman', serif;\"><span style=\"font-size: medium;\">Com o veto de atividades que geram aglomera\u00e7\u00e3o como shows art\u00edsticos, feira gastron\u00f4mica, corrida pedestre e apresenta\u00e7\u00f5es art\u00edsticas, uma agenda comemorativa com celebra\u00e7\u00f5es religiosas (cultos e missas), shows virtuais (<\/span><\/span><span style=\"font-family: 'Times New Roman', serif;\"><span style=\"font-size: medium;\"><i>lives<\/i><\/span><\/span><span style=\"font-family: 'Times New Roman', serif;\"><span style=\"font-size: medium;\">) com artistas locais que ser\u00e3o transmitidas pelas redes sociais da prefeitura e atos institucionais, com produ\u00e7\u00e3o de v\u00eddeo resgatando a hist\u00f3ria da cidade desde sua funda\u00e7\u00e3o at\u00e9 os dias atuais, e entrega de obras p\u00fablicas apenas com participa\u00e7\u00e3o de agentes p\u00fablicos, come\u00e7ou a ser definida nesta ter\u00e7a-feira (12\/01) pelo prefeito J\u00fanior da Femac, em conjunto com membros da Autarquia Municipal de Sa\u00fade (AMS), Secretaria da Promo\u00e7\u00e3o Art\u00edstica, Cultural e Tur\u00edstica (Promatur) e Secretaria da Ind\u00fastria, Com\u00e9rcio e Emprego. <\/span><\/span><\/p>\n<p class=\"western\" align=\"justify\"><span style=\"font-family: 'Times New Roman', serif;\"><span style=\"font-size: medium;\">Antes de deliberar pelos eventos que seriam promovidos, J\u00fanior ouviu parecer de cada t\u00e9cnico municipal presente, que foram un\u00e2nimes na impossibilidade de se promover uma programa\u00e7\u00e3o festiva tradicional. \u201cO anivers\u00e1rio de Apucarana merece ser sempre lembrado com muito carinho e amor, mas todos sabemos que o quadro atual pede que nos cuidemos ainda mais neste momento. \u00c9 hora de precau\u00e7\u00e3o e seriedade. O pa\u00eds registra nova subida do n\u00famero de casos, reflexo das aglomera\u00e7\u00f5es do final do ano, e por isso \u00e9 fundamental que neste ano celebremos o anivers\u00e1rio da cidade de forma respons\u00e1vel. Ser\u00e1 uma programa\u00e7\u00e3o da \u201cF\u00e9, da Esperan\u00e7a e da Confian\u00e7a\u201d de que que vamos vencer o coronav\u00edrus\u201d, disse o prefeito J\u00fanior da Femac. <\/span><\/span><\/p>\n<p class=\"western\" align=\"justify\"><span style=\"font-family: 'Times New Roman', serif;\"><span style=\"font-size: medium;\">J\u00fanior frisa que a vacina\u00e7\u00e3o contra a Covid-19 tamb\u00e9m deve ter in\u00edcio na semana do anivers\u00e1rio. \u201cEstamos trabalhando arduamente juntamente com o Governo Estadual para isso e, se confirmado, ser\u00e1 um grande presente para a cidade, j\u00e1 atendendo os primeiros p\u00fablicos-alvos definidos pelo Minist\u00e9rio da Sa\u00fade\u201d, disse o prefeito. <\/span><\/span><\/p>\n<p class=\"western\" align=\"justify\"><span style=\"font-family: 'Times New Roman', serif;\"><span style=\"font-size: medium;\">Com a delimita\u00e7\u00e3o dos tipos de eventos liberados para a grade comemorativa, a equipe municipal vai agora compor a programa\u00e7\u00e3o com dias, locais e hor\u00e1rios das atividades. \u201cAssim que definido, faremos ampla divulga\u00e7\u00e3o para que todos possam celebrar os 77 anos de Apucarana\u201d, disse J\u00fanior da Femac. <\/span><\/span><\/p>\n<p class=\"western\" align=\"justify\"><span style=\"font-family: 'Times New Roman', serif;\"><span style=\"font-size: medium;\">Participaram da reuni\u00e3o o vice-prefeito Paulo S\u00e9rgio Vital, o diretor-presidente da AMS e secret\u00e1rio Municipal de Sa\u00fade, Roberto Kaneta, o vice-presidente da AMS, Em\u00eddio Bachiega, a secret\u00e1ria Municipal da Promo\u00e7\u00e3o Art\u00edstica, Cultural e Tur\u00edstica (Promatur), professora Maria Agar Borba, o superintendente da Chefia de Gabinete e respons\u00e1vel pelo Turismo Municipal, Andr\u00e9ia Rinaldo, o coordenador Municipal de Turismo Religioso, M\u00e1rio Felipe Rodrigues, o secret\u00e1rio Municipal da Ind\u00fastria, Com\u00e9rcio e Emprego, Edison Peres Estrope, o superintendente da Ind\u00fastria e Com\u00e9rcio, Adan Lenharo e o diretor de Ind\u00fastria e Com\u00e9rcio, Joaquim Rosina.<\/span><\/span><\/p>\n","protected":false},"excerpt":{"rendered":"<p>Com o veto de atividades que geram aglomera\u00e7\u00e3o, uma agenda comemorativa com celebra\u00e7\u00f5es religiosas (cultos e missas), shows virtuais (lives) com artistas locais e atos institucionais come\u00e7ou a ser definida pela prefeitura (Foto: divulga\u00e7\u00e3o)<\/p>\n","protected":false},"author":4,"featured_media":38771,"comment_status":"closed","ping_status":"open","sticky":false,"template":"","format":"standard","meta":{"footnotes":""},"categories":[24],"tags":[],"class_list":["post-38770","post","type-post","status-publish","format-standard","has-post-thumbnail","hentry","category-noticias"],"acf":[],"_links":{"self":[{"href":"http:\/\/www.apucarana.pr.gov.br\/site\/wp-json\/wp\/v2\/posts\/38770","targetHints":{"allow":["GET"]}}],"collection":[{"href":"http:\/\/www.apucarana.pr.gov.br\/site\/wp-json\/wp\/v2\/posts"}],"about":[{"href":"http:\/\/www.apucarana.pr.gov.br\/site\/wp-json\/wp\/v2\/types\/post"}],"author":[{"embeddable":true,"href":"http:\/\/www.apucarana.pr.gov.br\/site\/wp-json\/wp\/v2\/users\/4"}],"replies":[{"embeddable":true,"href":"http:\/\/www.apucarana.pr.gov.br\/site\/wp-json\/wp\/v2\/comments?post=38770"}],"version-history":[{"count":1,"href":"http:\/\/www.apucarana.pr.gov.br\/site\/wp-json\/wp\/v2\/posts\/38770\/revisions"}],"predecessor-version":[{"id":99201,"href":"http:\/\/www.apucarana.pr.gov.br\/site\/wp-json\/wp\/v2\/posts\/38770\/revisions\/99201"}],"wp:featuredmedia":[{"embeddable":true,"href":"http:\/\/www.apucarana.pr.gov.br\/site\/wp-json\/"}],"wp:attachment":[{"href":"http:\/\/www.apucarana.pr.gov.br\/site\/wp-json\/wp\/v2\/media?parent=38770"}],"wp:term":[{"taxonomy":"category","embeddable":true,"href":"http:\/\/www.apucarana.pr.gov.br\/site\/wp-json\/wp\/v2\/categories?post=38770"},{"taxonomy":"post_tag","embeddable":true,"href":"http:\/\/www.apucarana.pr.gov.br\/site\/wp-json\/wp\/v2\/tags?post=38770"}],"curies":[{"name":"wp","href":"https:\/\/api.w.org\/{rel}","templated":true}]}}