{"id":38750,"date":"2021-01-11T19:13:55","date_gmt":"2021-01-11T21:13:55","guid":{"rendered":"http:\/\/www.apucarana.pr.gov.br\/site\/?p=38750"},"modified":"2024-10-08T09:21:46","modified_gmt":"2024-10-08T12:21:46","slug":"apucarana-antecipa-entrega-de-carnes-do-iptu","status":"publish","type":"post","link":"http:\/\/www.apucarana.pr.gov.br\/site\/apucarana-antecipa-entrega-de-carnes-do-iptu\/","title":{"rendered":"Apucarana antecipa entrega de carn\u00eas do IPTU"},"content":{"rendered":"<p class=\"western\" style=\"text-align: left;\" align=\"center\"><span style=\"font-family: 'Times New Roman', serif;\"><span style=\"font-size: medium;\">Apesar do vencimento para pagamento global \u00e0 vista ou da primeira parcela ser apenas em 10 de mar\u00e7o, os propriet\u00e1rios de im\u00f3veis em Apucarana recebem ainda neste m\u00eas de janeiro o carn\u00ea do Imposto Predial e Territorial Urbano (IPTU), referente ao exerc\u00edcio de 2021. A distribui\u00e7\u00e3o do documento, com remessa via correio, j\u00e1 foi feita pela Secretaria Municipal da Fazenda e as guias para pagamento do tributo come\u00e7am a chegar aos domic\u00edlios nesta ter\u00e7a-feira (12\/01). <\/span><\/span><\/p>\n<p class=\"western\" align=\"justify\"><span style=\"font-family: 'Times New Roman', serif;\"><span style=\"font-size: medium;\">A secret\u00e1ria da Fazenda, Sueli Pereira, informa que neste ano foram emitidos 55.744 carn\u00eas, totalizando um lan\u00e7amento de R$29.238.194,74. A previs\u00e3o, seguindo o hist\u00f3rico dos anos anteriores, \u00e9 de receber entre 49 e 52% \u00e0 vista. \u201cA antecipa\u00e7\u00e3o de envio faz parte do planejamento da gest\u00e3o J\u00fanior da Femac, e contribui para uma melhor organiza\u00e7\u00e3o do or\u00e7amento das fam\u00edlias, que podem analisar com maior tranquilidade a forma de pagamento\u201d, diz a secret\u00e1ria.<\/span><\/span><\/p>\n<p class=\"western\" align=\"justify\"><span style=\"font-family: 'Times New Roman', serif;\"><span style=\"font-size: medium;\">Com compara\u00e7\u00e3o ao ano passado, Apucarana registrou um acr\u00e9scimo de 1.186 im\u00f3veis. \u201cA cidade est\u00e1 crescendo todos os dias\u201d, destaca Sueli. Ela alerta que, se dentro de 20 dias o propriet\u00e1rio de im\u00f3vel n\u00e3o receber o carn\u00ea via correio, dever\u00e1 requerer uma segunda via, agendando atendimento no setor de tributa\u00e7\u00e3o da prefeitura atrav\u00e9s do telefone 3422-4000. Antes desse prazo, a secret\u00e1ria pede para que as pessoas n\u00e3o procurem o correio e nem a prefeitura, para evitar aglomera\u00e7\u00f5es e risco de cont\u00e1gio, em meio \u00e0 pandemia do novo coronav\u00edrus (Covid-19). \u201cEstamos fazendo a entrega dos carn\u00eas com anteced\u00eancia, justamente por conta da situa\u00e7\u00e3o anormal que estamos vivenciando. Todos os contribuintes ter\u00e3o prazo de sobra para se planejar\u201d, refor\u00e7a a secret\u00e1ria. <\/span><\/span><\/p>\n<p class=\"western\" align=\"justify\"><span style=\"font-family: 'Times New Roman', serif;\"><span style=\"font-size: medium;\">A orienta\u00e7\u00e3o ao receber o documento \u00e9 de que o contribuinte fa\u00e7a a checagem de todos os dados. \u201cA pessoa deve verificar detalhadamente, a come\u00e7ar pelo nome, n\u00famero do lote, valores. Verificando qualquer inconsist\u00eancia, ela deve entrar em contato com o setor de D\u00edvida Ativa o quanto antes para an\u00e1lise\u201d, orienta Sueli.<\/span><\/span><\/p>\n<p class=\"western\" align=\"justify\"><span style=\"font-family: 'Times New Roman', serif;\"><span style=\"font-size: medium;\">Para o exerc\u00edcio de 2021 o imposto n\u00e3o teve acr\u00e9scimo. Com aprova\u00e7\u00e3o dos vereadores, o IPTU de Apucarana recebeu apenas corre\u00e7\u00e3o de 5,2% referente a infla\u00e7\u00e3o acumulada nos \u00faltimos meses, tendo como base o INPC (\u00cdndice Nacional de Pre\u00e7os ao Consumidor). O prefeito J\u00fanior da Femac explica que, por for\u00e7a de lei, o Munic\u00edpio \u00e9 obrigado a aplicar a corre\u00e7\u00e3o, sob pena de sofrer san\u00e7\u00f5es, no caso de descumprir o que determina a Lei de Responsabilidade Fiscal (LRF). \u201cO IPTU \u00e9 uma receita municipal muito importante, pois \u00e9 um dinheiro que retorna integralmente aos apucaranenses na forma de asfalto, investimentos na Sa\u00fade, Educa\u00e7\u00e3o, programas e outros servi\u00e7os p\u00fablicos\u201d, frisa o prefeito.<\/span><\/span><\/p>\n<p class=\"western\" align=\"justify\"><span style=\"font-family: 'Times New Roman', serif;\"><span style=\"font-size: medium;\">J\u00fanior refor\u00e7a que o vencimento do IPTU para pagamento \u00e0 vista, com desconto de 5%, ser\u00e1 o dia 10 de mar\u00e7o. \u201cQuem optar pelo parcelamento poder\u00e1 faz\u00ea-lo em at\u00e9 dez vezes (parcela m\u00ednima de 4088), com vencimento da primeira parcela tamb\u00e9m no dia 10 de mar\u00e7o\u201d, finaliza o prefeito. <\/span><\/span><\/p>\n","protected":false},"excerpt":{"rendered":"<p>Vencimento do tributo para pagamento \u00e0 vista ou parcelado continua sendo no in\u00edcio de mar\u00e7o (Foto: PMA)<\/p>\n","protected":false},"author":4,"featured_media":38751,"comment_status":"closed","ping_status":"open","sticky":false,"template":"","format":"standard","meta":{"footnotes":""},"categories":[24],"tags":[],"class_list":["post-38750","post","type-post","status-publish","format-standard","has-post-thumbnail","hentry","category-noticias"],"acf":[],"_links":{"self":[{"href":"http:\/\/www.apucarana.pr.gov.br\/site\/wp-json\/wp\/v2\/posts\/38750","targetHints":{"allow":["GET"]}}],"collection":[{"href":"http:\/\/www.apucarana.pr.gov.br\/site\/wp-json\/wp\/v2\/posts"}],"about":[{"href":"http:\/\/www.apucarana.pr.gov.br\/site\/wp-json\/wp\/v2\/types\/post"}],"author":[{"embeddable":true,"href":"http:\/\/www.apucarana.pr.gov.br\/site\/wp-json\/wp\/v2\/users\/4"}],"replies":[{"embeddable":true,"href":"http:\/\/www.apucarana.pr.gov.br\/site\/wp-json\/wp\/v2\/comments?post=38750"}],"version-history":[{"count":1,"href":"http:\/\/www.apucarana.pr.gov.br\/site\/wp-json\/wp\/v2\/posts\/38750\/revisions"}],"predecessor-version":[{"id":99203,"href":"http:\/\/www.apucarana.pr.gov.br\/site\/wp-json\/wp\/v2\/posts\/38750\/revisions\/99203"}],"wp:featuredmedia":[{"embeddable":true,"href":"http:\/\/www.apucarana.pr.gov.br\/site\/wp-json\/"}],"wp:attachment":[{"href":"http:\/\/www.apucarana.pr.gov.br\/site\/wp-json\/wp\/v2\/media?parent=38750"}],"wp:term":[{"taxonomy":"category","embeddable":true,"href":"http:\/\/www.apucarana.pr.gov.br\/site\/wp-json\/wp\/v2\/categories?post=38750"},{"taxonomy":"post_tag","embeddable":true,"href":"http:\/\/www.apucarana.pr.gov.br\/site\/wp-json\/wp\/v2\/tags?post=38750"}],"curies":[{"name":"wp","href":"https:\/\/api.w.org\/{rel}","templated":true}]}}