{"id":37284,"date":"2020-11-17T21:34:56","date_gmt":"2020-11-17T23:34:56","guid":{"rendered":"http:\/\/172.16.0.7\/site-antigo\/?p=37284"},"modified":"2024-10-08T09:21:56","modified_gmt":"2024-10-08T12:21:56","slug":"prefeito-junior-da-femac-da-boas-vindas-a-cresol-em-apucarana","status":"publish","type":"post","link":"http:\/\/www.apucarana.pr.gov.br\/site\/prefeito-junior-da-femac-da-boas-vindas-a-cresol-em-apucarana\/","title":{"rendered":"Prefeito Junior da Femac d\u00e1 boas vindas a Cresol em Apucarana"},"content":{"rendered":"<p style=\"font-weight: 400;\">O prefeito Junior da Femac participou na noite de ontem (16) da inaugura\u00e7\u00e3o da ag\u00eancia da Cresol em Apucarana. \u201cDamos as boas vindas \u00e0 Cresol em Apucarana, onde certamente ter\u00e1 terreno forte para crescer. Os diretores da cooperativa j\u00e1 vinham dialogando com o ex-prefeito Beto Preto e agora o projeto se consolidou\u201d, comentou Junior.<\/p>\n<p style=\"font-weight: 400;\">Para o prefeito, o perfil da Cresol tem tudo a ver com Apucarana, que se formou pela cafeicultura e com\u00e9rcio de cereais; e que agora se transformou no maior p\u00f3lo de produ\u00e7\u00e3o de roupas do Paran\u00e1. \u201cTenho convic\u00e7\u00e3o de que a Cresol ir\u00e1 atender com muito carinho e respeito todos que aqui chegarem\u201d, assinalou.<\/p>\n<p style=\"font-weight: 400;\">Em crescente expans\u00e3o pelo Brasil, a Cresol inaugurou mais uma ag\u00eancia de relacionamento em Apucarana. Priorizando, sempre, melhor atender seu cooperado, a Cresol est\u00e1 estruturando ambientes modernos, com amplos espa\u00e7os de atendimento ao p\u00fablico, mas sem perder a ess\u00eancia do cooperativismo e do atendimento diferenciado que a cooperativa sempre proporcionou.<\/p>\n<p style=\"font-weight: 400;\">Participaram do momento solene de abertura da ag\u00eancia, algumas autoridade locais e colaboradores e diretores da cooperativa, como o Presidente Claudomiro Garcia, o Diretor Administrativo, Ricardo Nunes Garcia, o Diretor de Neg\u00f3cios, Henrique Antonangelo Rosa, a Gerente da Ag\u00eancia, Georgia Fontanini Gon\u00e7alves e o Presidente do Sistema Cresol Baser, Alzimiro Thom\u00e9.<\/p>\n<p style=\"font-weight: 400;\">De acordo com o Presidente da Cresol Norte Paranaense, Claudomiro Garcia, a cooperativa est\u00e1 dando mais um passo para expandir o cooperativismo de cr\u00e9dito da Cresol. \u201cEstamos levando modernas estruturas para munic\u00edpios que ainda n\u00e3o tinham nossas ag\u00eancias e, assim, reafirmamos o crescimento e a solidez da marca Cresol que, al\u00e9m de chegar a novas cidades, reformula suas ag\u00eancias para proporcionar um espa\u00e7o ainda mais confort\u00e1vel aos cooperados e tamb\u00e9m aos colaboradores\u201d, destacou.<\/p>\n<p style=\"font-weight: 400;\">A Ag\u00eancia de Apucarana faz parte da Cresol Norte Paranaense que agora conta com 7 ag\u00eancias de relacionamento nos munic\u00edpios de Grandes Rios, Borraz\u00f3polis, Cruzmaltina, Londrina, Ros\u00e1rio do Iva\u00ed, Tamarana e Apucarana. A ag\u00eancia de Apucarana est\u00e1 localizada na Avenida Curitiba, n\u00famero 800, Centro.<\/p>\n","protected":false},"excerpt":{"rendered":"<p>Em crescente expans\u00e3o pelo Brasil, a Cresol inaugurou mais uma ag\u00eancia de relacionamento em Apucarana (Foto: PMA)<\/p>\n","protected":false},"author":4,"featured_media":37285,"comment_status":"closed","ping_status":"open","sticky":false,"template":"","format":"standard","meta":{"footnotes":""},"categories":[24],"tags":[],"class_list":["post-37284","post","type-post","status-publish","format-standard","has-post-thumbnail","hentry","category-noticias"],"acf":[],"_links":{"self":[{"href":"http:\/\/www.apucarana.pr.gov.br\/site\/wp-json\/wp\/v2\/posts\/37284","targetHints":{"allow":["GET"]}}],"collection":[{"href":"http:\/\/www.apucarana.pr.gov.br\/site\/wp-json\/wp\/v2\/posts"}],"about":[{"href":"http:\/\/www.apucarana.pr.gov.br\/site\/wp-json\/wp\/v2\/types\/post"}],"author":[{"embeddable":true,"href":"http:\/\/www.apucarana.pr.gov.br\/site\/wp-json\/wp\/v2\/users\/4"}],"replies":[{"embeddable":true,"href":"http:\/\/www.apucarana.pr.gov.br\/site\/wp-json\/wp\/v2\/comments?post=37284"}],"version-history":[{"count":1,"href":"http:\/\/www.apucarana.pr.gov.br\/site\/wp-json\/wp\/v2\/posts\/37284\/revisions"}],"predecessor-version":[{"id":99321,"href":"http:\/\/www.apucarana.pr.gov.br\/site\/wp-json\/wp\/v2\/posts\/37284\/revisions\/99321"}],"wp:featuredmedia":[{"embeddable":true,"href":"http:\/\/www.apucarana.pr.gov.br\/site\/wp-json\/"}],"wp:attachment":[{"href":"http:\/\/www.apucarana.pr.gov.br\/site\/wp-json\/wp\/v2\/media?parent=37284"}],"wp:term":[{"taxonomy":"category","embeddable":true,"href":"http:\/\/www.apucarana.pr.gov.br\/site\/wp-json\/wp\/v2\/categories?post=37284"},{"taxonomy":"post_tag","embeddable":true,"href":"http:\/\/www.apucarana.pr.gov.br\/site\/wp-json\/wp\/v2\/tags?post=37284"}],"curies":[{"name":"wp","href":"https:\/\/api.w.org\/{rel}","templated":true}]}}