{"id":37278,"date":"2020-11-17T19:26:04","date_gmt":"2020-11-17T21:26:04","guid":{"rendered":"http:\/\/172.16.0.7\/site-antigo\/?p=37278"},"modified":"2024-10-08T09:21:56","modified_gmt":"2024-10-08T12:21:56","slug":"agricultura-reforca-frota-de-veiculos-em-apucarana","status":"publish","type":"post","link":"http:\/\/www.apucarana.pr.gov.br\/site\/agricultura-reforca-frota-de-veiculos-em-apucarana\/","title":{"rendered":"Agricultura refor\u00e7a frota de ve\u00edculos em Apucarana"},"content":{"rendered":"<p>A Secretaria Municipal de Agricultura da Prefeitura de Apucarana recebeu nesta ter\u00e7a-feira (17\/11) uma camioneta Duster Oroch zero quil\u00f4metro. O ve\u00edculo da Renault, pr\u00f3prio para as condi\u00e7\u00f5es de tr\u00e1fego rural, tem capacidade para cinco passageiros e transporte de carga, e foi adquirido atrav\u00e9s de conv\u00eanio com a Regional Apucarana da Secretaria de Estado de Agricultura e Abastecimento (Seab), com contrapartida municipal.<\/p>\n<p class=\"western\" align=\"justify\">A entrega da chave aconteceu em ato simb\u00f3lico, defronte \u00e0 Prefeitura de Apucarana, e contou com a presen\u00e7a do prefeito J\u00fanior da Femac, do chefe regional da Seab, Ant\u00f4nio Biral Filho, e do secret\u00e1rio Municipal da Agricultura, Jos\u00e9 Luiz Porto. J\u00fanior destacou as parcerias com o Governo do Paran\u00e1. \u201cEste ve\u00edculo ser\u00e1 muito \u00fatil para a nossa secretaria. S\u00f3 temos que agradecer \u00e0 Seab e ao Governador Ratinho J\u00fanior\u201d, disse o prefeito.\n<\/p>\n<p class=\"western\" align=\"justify\">O secret\u00e1rio Dr. Porto, assinalou que a camioneta preenche uma necessidade da secretaria. \u201cVai auxiliar no desenvolvimento das atividades di\u00e1rias da nossa equipe, que realiza visita a propriedades rurais para prestar assist\u00eancia t\u00e9cnica e tamb\u00e9m promove plantio de mudas em v\u00e1rios pontos da cidade\u201d, disse o secret\u00e1rio Municipal da Agricultura.\n<\/p>\n<p class=\"western\" align=\"justify\">Adquirido atrav\u00e9s de licita\u00e7\u00e3o, a camioneta representa investimento na ordem de R$77,5 mil. \u201cA prefeitura entrou com uma contrapartida de R$30 mil\u201d, informa o secret\u00e1rio da Agricultura.\n<\/p>\n<p class=\"western\" align=\"justify\">Criada em 2014, a Secretaria Municipal da Agricultura desenvolve uma s\u00e9rie de servi\u00e7os p\u00fablicos para o fortalecimento da agricultura local. \u201cSomente no projeto de fruticultura do Programa Terra Forte s\u00e3o assistidos cerca de 300 agricultores pela prefeitura, o que demanda deslocamentos di\u00e1rios de nossas equipes\u201d, cita Dr. Porto. Al\u00e9m do novo ve\u00edculo, a equipe municipal conta com duas Volkswagen Saveiro, que tem capacidade para transporte de apenas duas pessoas.<\/p>\n","protected":false},"excerpt":{"rendered":"<p>A entrega da chave aconteceu em ato simb\u00f3lico, defronte \u00e0 Prefeitura de Apucarana, e contou com a presen\u00e7a do prefeito J\u00fanior da Femac, do chefe regional da Seab, Ant\u00f4nio Biral Filho, e do secret\u00e1rio Municipal da Agricultura, Jos\u00e9 Luiz Porto (Foto: PMA)<\/p>\n","protected":false},"author":4,"featured_media":37281,"comment_status":"closed","ping_status":"open","sticky":false,"template":"","format":"standard","meta":{"footnotes":""},"categories":[24],"tags":[],"class_list":["post-37278","post","type-post","status-publish","format-standard","has-post-thumbnail","hentry","category-noticias"],"acf":[],"_links":{"self":[{"href":"http:\/\/www.apucarana.pr.gov.br\/site\/wp-json\/wp\/v2\/posts\/37278","targetHints":{"allow":["GET"]}}],"collection":[{"href":"http:\/\/www.apucarana.pr.gov.br\/site\/wp-json\/wp\/v2\/posts"}],"about":[{"href":"http:\/\/www.apucarana.pr.gov.br\/site\/wp-json\/wp\/v2\/types\/post"}],"author":[{"embeddable":true,"href":"http:\/\/www.apucarana.pr.gov.br\/site\/wp-json\/wp\/v2\/users\/4"}],"replies":[{"embeddable":true,"href":"http:\/\/www.apucarana.pr.gov.br\/site\/wp-json\/wp\/v2\/comments?post=37278"}],"version-history":[{"count":1,"href":"http:\/\/www.apucarana.pr.gov.br\/site\/wp-json\/wp\/v2\/posts\/37278\/revisions"}],"predecessor-version":[{"id":99322,"href":"http:\/\/www.apucarana.pr.gov.br\/site\/wp-json\/wp\/v2\/posts\/37278\/revisions\/99322"}],"wp:featuredmedia":[{"embeddable":true,"href":"http:\/\/www.apucarana.pr.gov.br\/site\/wp-json\/"}],"wp:attachment":[{"href":"http:\/\/www.apucarana.pr.gov.br\/site\/wp-json\/wp\/v2\/media?parent=37278"}],"wp:term":[{"taxonomy":"category","embeddable":true,"href":"http:\/\/www.apucarana.pr.gov.br\/site\/wp-json\/wp\/v2\/categories?post=37278"},{"taxonomy":"post_tag","embeddable":true,"href":"http:\/\/www.apucarana.pr.gov.br\/site\/wp-json\/wp\/v2\/tags?post=37278"}],"curies":[{"name":"wp","href":"https:\/\/api.w.org\/{rel}","templated":true}]}}