{"id":34424,"date":"2020-07-01T17:05:47","date_gmt":"2020-07-01T20:05:47","guid":{"rendered":"http:\/\/172.16.0.7\/site-antigo\/?p=34424"},"modified":"2024-10-08T09:21:06","modified_gmt":"2024-10-08T12:21:06","slug":"apucarana-libera-vacina-da-gripe-para-toda-a-populacao-2","status":"publish","type":"post","link":"http:\/\/www.apucarana.pr.gov.br\/site\/apucarana-libera-vacina-da-gripe-para-toda-a-populacao-2\/","title":{"rendered":"Apucarana libera vacina da gripe para toda a popula\u00e7\u00e3o"},"content":{"rendered":"<p>A Autarquia Municipal de Sa\u00fade (AMS) de Apucarana informa que a vacina contra a gripe est\u00e1 liberada para toda popula\u00e7\u00e3o a partir de hoje (1), enquanto durar o estoque. As 6.150 doses que restaram da Campanha Nacional de Vacina\u00e7\u00e3o, encerrada ontem (30), est\u00e3o dispon\u00edveis em 26 unidades b\u00e1sicas de sa\u00fade (veja quadro abaixo).<br \/>\nDurante os 100 dias da Campanha de Vacina\u00e7\u00e3o, destinada a v\u00e1rios grupos priorit\u00e1rios, Apucarana imunizou 46 mil pessoas. Os idosos e os trabalhadores da sa\u00fade, com 115,74% e 106,76%, respectivamente, ultrapassaram a meta preconizada pelo Minist\u00e9rio da Sa\u00fade de 90%. Outros, como o das crian\u00e7as de 6 meses a menores de 6 anos, com 62% de cobertura, n\u00e3o atingiram a meta.<br \/>\n\u201c\u00c9 muito importante se vacinar porque os sintomas da gripe comum com os do Covid -19 s\u00e3o muito parecidos no come\u00e7o e assim quanto mais pessoas imunizadas \u00e9 poss\u00edvel evitar uma sobrecarga maior no sistema de sa\u00fade\u201d, afirma o prefeito Junior da Femac.<br \/>\n<strong>Rela\u00e7\u00e3o das Unidades B\u00e1sicas de Sa\u00fade que est\u00e3o realizando vacina\u00e7\u00e3o contra a gripe:\u00a0<\/strong><br \/>\nUBS MYIOJI KOGURE (JARDIM ACLIMA\u00c7\u00c3O)<br \/>\nRua: Arthur Thomas s\/n\u00ba Fone: 3901-1055<br \/>\nUBS \u2013 DR ANTONIO SACHELLI (AVENIDA AVIA\u00c7\u00c3O, 3012 \u2013 JARDIM COLONIAL)<br \/>\nUBS EM\u00cdLIA CRETUCHI (PARQUE BELA VISTA)<br \/>\nRua: Jo\u00e3o Matiuzzi n\u00ba279 Fone: 3901-1068<br \/>\nUBS PADRE DOMINIQUE (CAIXA S\u00c3O PEDRO)<br \/>\nRua: Nelson Miquel\u00e3o s\/n\u00ba Fone: 3440-5007<br \/>\nUBS MARIO VERUSSA (DISTRITO DE CORREIA DE FREITAS)<br \/>\nAvenida Get\u00falio Vargas s\/n\u00ba Fone: 3901-1067<br \/>\nUBS EROS PACHECO (N\u00daCLEO AFONSO CAMARGO)<br \/>\nRua: Guapuruvu s\/n\u00ba Fone: 3901-1070<br \/>\nUBS ELAYNE MAZUR (JARDIM INTERLAGOS)<br \/>\nRua: Andr\u00e9 Korilo n\u00ba1190 Fone: 3422-5708<br \/>\nUBS EUNICE PENHARBEL (RESIDENCIAL SUMATRA)<br \/>\nRua: Ilson Ferreira Guerra s\/n Fone; 3424-2189<br \/>\nUBS BOLIVAR PAV\u00c3O (JARDIM AM\u00c9RICA)<br \/>\nAvenida Central do Paran\u00e1 s\/n Fone: 3901-1063<br \/>\nUBS \u2013 ANA MARIA PEPATO (JARDIM TRABALHISTA). Rua Jos\u00e9 Manoel de Oliveira \u2013 Jardim Trabalhista<br \/>\nUBS \u2013 JOAQUIM TRIZOTTI (N\u00daCLEO ADRIANO CORREA)<br \/>\nRua: Serra do Mar s\/n\u00ba Fone: 3901-1056<br \/>\nUBS \u2013 LEOPOLDO HARTWIG JR. (VILA NOVA)<br \/>\nRua: Marc\u00edlio Dias s\/n\u00ba Fone: 3901-1031<br \/>\nUBS MARIA DO CAF\u00c9 (JARDIM PONTA GROSSA)<br \/>\nRua: Emiliano Perneta s\/n\u00ba Fone: 3901-1030<br \/>\nUBS MERCEDES SILVA MORENO (VILA REGINA)<br \/>\nRua: Em\u00edlio Cretushi s\/n\u00ba Fone: 3901-1032<br \/>\nUBS ORESTE G. MARQUITO (JARDIM MARISSOL)<br \/>\nRua: Jair Fidelis Marques s\/n\u00ba Fone: 3901-1073<br \/>\nUBS OSVALDO DAMIN (JABOTI)<br \/>\nRua: Rol\u00e2ndia s\/n\u00ba lado da Escola \u00c9bano Pereira Fone: 3901-1035<br \/>\nUBS MOACIR S. MASCARO (N\u00daCELO PARIGOT DE SOUZA)<br \/>\nRua: Conselheiro Zacarias s\/n\u00ba Fone: 3901-1059<br \/>\nUBS PEDRO BARRETO (DISTRITO VILA REIS)<br \/>\nRua: Jos\u00e9 Garcia Perez s\/n\u00ba Fone: 3901-1064<br \/>\nUBS RODRIGO TRAMONTIN YOSHII (VILA APUCARANINHA)<br \/>\nRua \u2013 S\u00e3o Carlos S\/N3901-1052<br \/>\nUBS RAUL CASTILHO (NUCLEO JO\u00c3O PAULO)<br \/>\nRua: Rio Congonhinhas s\/n\u00ba Fone: 3901-1046<br \/>\nUBS ROMEU MILANI<br \/>\nRua OSVALDO CRUZ (CENTRO)<br \/>\nUBS TAKAITI MIYADI (N\u00daCLEO DOM ROMEU)<br \/>\nRua: S\u00e3o Leopoldo s\/n\u00ba Fone: 3901-1057<br \/>\nUBS VALDECIR DE PAULA (JARDIM DAS FLORES)<br \/>\nRua: Nossa Senhora da Concei\u00e7\u00e3o s\/n\u00ba Fone: 3901-1069<br \/>\nUBS WALTER LAZARINI (DISTRITO DE PIRAP\u00d3)<br \/>\nRua: Augusto Ferreira Chagas s\/n\u00ba Fone: 3901-1049<br \/>\nUBS BENEDITO CL\u00c1UDIO \u201cPINGA FOGO\u201d DE OLIVEIRA (RESIDENCIAL SOLO SAGRADO)<br \/>\nUBS JULIA RENCZKOWSKI (N\u00daCLEO HABITACIONAL MARCOS FREIRE)<\/p>\n","protected":false},"excerpt":{"rendered":"<p>Imuniza\u00e7\u00e3o ser\u00e1 realizada enquanto durar o estoque de 6.150 doses<\/p>\n","protected":false},"author":4,"featured_media":34426,"comment_status":"closed","ping_status":"open","sticky":false,"template":"","format":"standard","meta":{"footnotes":""},"categories":[24],"tags":[],"class_list":["post-34424","post","type-post","status-publish","format-standard","has-post-thumbnail","hentry","category-noticias"],"acf":[],"_links":{"self":[{"href":"http:\/\/www.apucarana.pr.gov.br\/site\/wp-json\/wp\/v2\/posts\/34424","targetHints":{"allow":["GET"]}}],"collection":[{"href":"http:\/\/www.apucarana.pr.gov.br\/site\/wp-json\/wp\/v2\/posts"}],"about":[{"href":"http:\/\/www.apucarana.pr.gov.br\/site\/wp-json\/wp\/v2\/types\/post"}],"author":[{"embeddable":true,"href":"http:\/\/www.apucarana.pr.gov.br\/site\/wp-json\/wp\/v2\/users\/4"}],"replies":[{"embeddable":true,"href":"http:\/\/www.apucarana.pr.gov.br\/site\/wp-json\/wp\/v2\/comments?post=34424"}],"version-history":[{"count":1,"href":"http:\/\/www.apucarana.pr.gov.br\/site\/wp-json\/wp\/v2\/posts\/34424\/revisions"}],"predecessor-version":[{"id":99460,"href":"http:\/\/www.apucarana.pr.gov.br\/site\/wp-json\/wp\/v2\/posts\/34424\/revisions\/99460"}],"wp:featuredmedia":[{"embeddable":true,"href":"http:\/\/www.apucarana.pr.gov.br\/site\/wp-json\/"}],"wp:attachment":[{"href":"http:\/\/www.apucarana.pr.gov.br\/site\/wp-json\/wp\/v2\/media?parent=34424"}],"wp:term":[{"taxonomy":"category","embeddable":true,"href":"http:\/\/www.apucarana.pr.gov.br\/site\/wp-json\/wp\/v2\/categories?post=34424"},{"taxonomy":"post_tag","embeddable":true,"href":"http:\/\/www.apucarana.pr.gov.br\/site\/wp-json\/wp\/v2\/tags?post=34424"}],"curies":[{"name":"wp","href":"https:\/\/api.w.org\/{rel}","templated":true}]}}