{"id":34414,"date":"2020-07-01T17:04:57","date_gmt":"2020-07-01T20:04:57","guid":{"rendered":"http:\/\/172.16.0.7\/site-antigo\/?p=34414"},"modified":"2024-10-08T09:21:06","modified_gmt":"2024-10-08T12:21:06","slug":"municipio-autoriza-instalacao-de-24-empresas-no-parque-da-juruba","status":"publish","type":"post","link":"http:\/\/www.apucarana.pr.gov.br\/site\/municipio-autoriza-instalacao-de-24-empresas-no-parque-da-juruba\/","title":{"rendered":"Munic\u00edpio autoriza instala\u00e7\u00e3o de 24 empresas no Parque da Juruba"},"content":{"rendered":"<p>Seguindo o conceito de cidade industrial, a Prefeitura de Apucarana liberou a instala\u00e7\u00e3o de 24 empresas no Parque Industrial da Juruba. Trata-se da primeira etapa de libera\u00e7\u00e3o de lotes, reunindo empresas com baixo impacto ambiental e que v\u00e3o gerar cerca de 1,5 mil empregos diretos. A autoriza\u00e7\u00e3o, assinada pelo prefeito Junior da Femac e autorizada pela C\u00e2mara de Vereadores, permite que as empresas iniciem de imediato as obras de constru\u00e7\u00e3o das ind\u00fastrias.<br \/>\nO an\u00fancio foi feito pelo prefeito Junior da Femac, em ato realizado no gabinete municipal, e que contou com a presen\u00e7a do vereador Franciley Preto Godoi (Poim) e dos secret\u00e1rios municipais de Ind\u00fastria, Com\u00e9rcio e do Emprego, Edison Estrope, de Obras, Herivelto Moreno, e de Gest\u00e3o P\u00fablica, Nicolai Cernescu Junior.<br \/>\nAs empresas ter\u00e3o seis meses para iniciar as obras e dois anos para a concluir as instala\u00e7\u00f5es. De acordo com o prefeito, dezenove das empresas que receberam a autoriza\u00e7\u00e3o s\u00e3o do setor do vestu\u00e1rio. \u201cTeremos ainda, nesta primeira etapa, ind\u00fastrias de metalurgia, m\u00e1quinas agr\u00edcolas para o setor avi\u00e1rio, cal\u00e7ados de seguran\u00e7a e alimentos, al\u00e9m de dois centros de distribui\u00e7\u00e3o atacadista\u201d, cita Junior da Femac.<br \/>\nJunior da Femac afirma que o Parque Industrial da Juruba come\u00e7ou a ser implantado em 2014 pelo prefeito Beto Preto. \u201cTudo foi feito com planejamento e o que foi realizado j\u00e1 est\u00e1 pago. Em 2014, foi comprado o terreno, depois conquistamos a licen\u00e7a ambiental e elaboramos todos os projetos necess\u00e1rios. O quarto passo foi a execu\u00e7\u00e3o de um asfalto de qualidade, com ruas largas. Na sequ\u00eancia, a gest\u00e3o Beto Preto  fez a instala\u00e7\u00e3o de uma potente rede el\u00e9trica, de baixa e alta tens\u00e3o. O sexto passo foi a instala\u00e7\u00e3o da \u00e1gua que aconteceu em meados de maio e por \u00faltimo, nesta semana, est\u00e1 ocorrendo a implanta\u00e7\u00e3o da ilumina\u00e7\u00e3o p\u00fablica, com a coloca\u00e7\u00e3o de lumin\u00e1rias de 250 e 400 watts\u201d, elenca Junior da Femac.<br \/>\nO prefeito destaca que as ruas internas t\u00eam 18 e 14 metros de largura e foram projetadas para atender as necessidades das ind\u00fastrias. \u201cAl\u00e9m disso, uma equipe j\u00e1 est\u00e1 trabalhando no alargamento do acesso, desde a rodovia nas imedia\u00e7\u00f5es do trevo no Contorno Sul at\u00e9 o parque. O servi\u00e7o envolve um aterro, que permitir\u00e1 a duplica\u00e7\u00e3o da entrada do Parque Industrial da Juruba\u201d, frisa Junior da Femac.<br \/>\nO prefeito salienta ainda que o Parque Industrial da Juruba segue padr\u00f5es modernos e fez um comparativo com parques implantados em outras \u00e9pocas. \u201cEm outros momentos de Apucarana, criaram parques sem asfalto e sem a infraestrutura necess\u00e1ria, permitindo que ele fosse ocupado pelas empresas. Na gest\u00e3o Beto Preto fazemos tudo de forma planejada e organizada, de forma a dar as condi\u00e7\u00f5es necess\u00e1rias aos industriais\u201d, compara.<br \/>\nCONCEITO DIFERENCIADO \u2013 O prefeito reitera que o parque foi instalado seguindo o conceito de cidade industrial. \u201cN\u00f3s queremos que tudo o que se relaciona \u00e0 atividade industrial esteja dispon\u00edvel no local, sem a necessidade de deslocamentos. Por isso, a Prefeitura reservou uma quadra onde ser\u00e3o constru\u00eddos espa\u00e7os para restaurante, bancos, cooperativas de cr\u00e9dito e para institui\u00e7\u00f5es de apoio ao empres\u00e1rio e aos trabalhadores, como Sebrae, Sesi, Senai e Senac\u201d, assinala.<br \/>\nJunior da Femac refor\u00e7a que o parque foi pensado dentro da gest\u00e3o Beto Preto para o desenvolvimento do munic\u00edpio. \u201cO novo parque industrial foi instalado em local estrat\u00e9gico, \u00e0s margens da BR-376 na regi\u00e3o sul de Apucarana, na sa\u00edda para Curitiba, e tem \u00e1rea total de 23 alqueires, equivalente a 596 mil m\u00b2. Foi implantado na Bacia do Rio Tibagi, sendo projetado para reunir empresas de baixo impacto ambiental. Liberamos nesta primeira etapa 24 lotes mas, quando forem finalizadas as tr\u00eas etapas previstas de urbaniza\u00e7\u00e3o, o parque poder\u00e1 abrigar 237 ind\u00fastrias\u201d, informa Junior da Femac.<\/p>\n","protected":false},"excerpt":{"rendered":"<p>Ind\u00fastrias, que v\u00e3o gerar cerca de 1,5 mil empregos diretos, j\u00e1 podem come\u00e7ar a construir nos lotes liberados (Foto: PMA)<\/p>\n","protected":false},"author":4,"featured_media":34421,"comment_status":"closed","ping_status":"open","sticky":false,"template":"","format":"standard","meta":{"footnotes":""},"categories":[24],"tags":[],"class_list":["post-34414","post","type-post","status-publish","format-standard","has-post-thumbnail","hentry","category-noticias"],"acf":[],"_links":{"self":[{"href":"http:\/\/www.apucarana.pr.gov.br\/site\/wp-json\/wp\/v2\/posts\/34414","targetHints":{"allow":["GET"]}}],"collection":[{"href":"http:\/\/www.apucarana.pr.gov.br\/site\/wp-json\/wp\/v2\/posts"}],"about":[{"href":"http:\/\/www.apucarana.pr.gov.br\/site\/wp-json\/wp\/v2\/types\/post"}],"author":[{"embeddable":true,"href":"http:\/\/www.apucarana.pr.gov.br\/site\/wp-json\/wp\/v2\/users\/4"}],"replies":[{"embeddable":true,"href":"http:\/\/www.apucarana.pr.gov.br\/site\/wp-json\/wp\/v2\/comments?post=34414"}],"version-history":[{"count":1,"href":"http:\/\/www.apucarana.pr.gov.br\/site\/wp-json\/wp\/v2\/posts\/34414\/revisions"}],"predecessor-version":[{"id":99461,"href":"http:\/\/www.apucarana.pr.gov.br\/site\/wp-json\/wp\/v2\/posts\/34414\/revisions\/99461"}],"wp:featuredmedia":[{"embeddable":true,"href":"http:\/\/www.apucarana.pr.gov.br\/site\/wp-json\/"}],"wp:attachment":[{"href":"http:\/\/www.apucarana.pr.gov.br\/site\/wp-json\/wp\/v2\/media?parent=34414"}],"wp:term":[{"taxonomy":"category","embeddable":true,"href":"http:\/\/www.apucarana.pr.gov.br\/site\/wp-json\/wp\/v2\/categories?post=34414"},{"taxonomy":"post_tag","embeddable":true,"href":"http:\/\/www.apucarana.pr.gov.br\/site\/wp-json\/wp\/v2\/tags?post=34414"}],"curies":[{"name":"wp","href":"https:\/\/api.w.org\/{rel}","templated":true}]}}