{"id":34386,"date":"2020-07-01T10:19:24","date_gmt":"2020-07-01T13:19:24","guid":{"rendered":"http:\/\/172.16.0.7\/site-antigo\/?p=34386"},"modified":"2024-10-08T09:21:06","modified_gmt":"2024-10-08T12:21:06","slug":"prefeitura-instala-placas-de-sinalizacao-da-zona-rural","status":"publish","type":"post","link":"http:\/\/www.apucarana.pr.gov.br\/site\/prefeitura-instala-placas-de-sinalizacao-da-zona-rural\/","title":{"rendered":"Prefeitura instala placas de sinaliza\u00e7\u00e3o na zona rural"},"content":{"rendered":"<p>Ap\u00f3s mapeamento das principais estradas rurais do Munic\u00edpio, a Prefeitura iniciou a instala\u00e7\u00e3o de placas de sinaliza\u00e7\u00e3o. O trabalho come\u00e7ou pela regi\u00e3o do Distrito de Correia de Freitas, onde j\u00e1 foram instaladas 19 placas. Ao todo, nesta etapa, dever\u00e3o ser identificadas de forma gradativa cerca de 200 estradas, abrangendo todas as regi\u00f5es do Munic\u00edpio.<br \/>\nO prefeito de Junior da Femac afirma que esta \u00e9 uma iniciativa in\u00e9dita em Apucarana. \u201cNesta etapa, estamos fazendo a sinaliza\u00e7\u00e3o das estradas que foram mapeadas. Num segundo momento, pretendemos tamb\u00e9m colocar placas indicativas de pontos tur\u00edsticos, como pousadas, caf\u00e9s coloniais, cachoeiras, igrejas e atrativos da agricultura familiar, entre outros\u201d, cita Junior da Femac.<br \/>\nO mapeamento das estradas foi feito pelo Instituto de Desenvolvimento, Pesquisa e Planejamento de Apucarana (Idepplan). \u201cO objetivo \u00e9 dar mais clareza ao cidad\u00e3o comum. A pessoa que n\u00e3o mora na zona rural e n\u00e3o conhece o lugar que est\u00e1 visitando atualmente encontra dificuldades para se localizar, pois faltam identifica\u00e7\u00f5es e refer\u00eancias\u201d, pontua Carlos Mendes, superintendente do Idepplan e que est\u00e1 coordenando os trabalhos.<br \/>\nMendes ressalta que, com o advento de caminhadas na natureza e dos esportes off -road, a zona rural deixou de ser um local exclusivamente de produ\u00e7\u00e3o agr\u00edcola. \u201cAs pessoas cada vez mais buscam fugir da rotina da cidade e se refugiar, por determinados per\u00edodos, na zona rural, seja atrav\u00e9s de grupos de jipeiros, motoqueiros e bicicleteiros ou em caminhadas e cavalgadas\u201d, salienta Mendes.<br \/>\nAo colocar as placas, a equipe respons\u00e1vel tamb\u00e9m est\u00e1 verificando a situa\u00e7\u00e3o das estradas rurais. \u201c\u00c9 gerado um relat\u00f3rio, que depois ser\u00e1 encaminhado para as secretarias de Agricultura e de Servi\u00e7os P\u00fablicos. O objetivo \u00e9 contribuir com o trabalho de recupera\u00e7\u00e3o das estradas, auxiliando com informa\u00e7\u00f5es sobre a situa\u00e7\u00e3o das mesmas\u201d, observa Mendes.<\/p>\n","protected":false},"excerpt":{"rendered":"<p>Nesta etapa, dever\u00e3o ser identificadas de forma gradativa cerca de 200 estradas, abrangendo todas as regi\u00f5es do Munic\u00edpio. (Foto: PMA)<\/p>\n","protected":false},"author":4,"featured_media":34387,"comment_status":"closed","ping_status":"open","sticky":false,"template":"","format":"standard","meta":{"footnotes":""},"categories":[24],"tags":[],"class_list":["post-34386","post","type-post","status-publish","format-standard","has-post-thumbnail","hentry","category-noticias"],"acf":[],"_links":{"self":[{"href":"http:\/\/www.apucarana.pr.gov.br\/site\/wp-json\/wp\/v2\/posts\/34386","targetHints":{"allow":["GET"]}}],"collection":[{"href":"http:\/\/www.apucarana.pr.gov.br\/site\/wp-json\/wp\/v2\/posts"}],"about":[{"href":"http:\/\/www.apucarana.pr.gov.br\/site\/wp-json\/wp\/v2\/types\/post"}],"author":[{"embeddable":true,"href":"http:\/\/www.apucarana.pr.gov.br\/site\/wp-json\/wp\/v2\/users\/4"}],"replies":[{"embeddable":true,"href":"http:\/\/www.apucarana.pr.gov.br\/site\/wp-json\/wp\/v2\/comments?post=34386"}],"version-history":[{"count":1,"href":"http:\/\/www.apucarana.pr.gov.br\/site\/wp-json\/wp\/v2\/posts\/34386\/revisions"}],"predecessor-version":[{"id":99463,"href":"http:\/\/www.apucarana.pr.gov.br\/site\/wp-json\/wp\/v2\/posts\/34386\/revisions\/99463"}],"wp:featuredmedia":[{"embeddable":true,"href":"http:\/\/www.apucarana.pr.gov.br\/site\/wp-json\/"}],"wp:attachment":[{"href":"http:\/\/www.apucarana.pr.gov.br\/site\/wp-json\/wp\/v2\/media?parent=34386"}],"wp:term":[{"taxonomy":"category","embeddable":true,"href":"http:\/\/www.apucarana.pr.gov.br\/site\/wp-json\/wp\/v2\/categories?post=34386"},{"taxonomy":"post_tag","embeddable":true,"href":"http:\/\/www.apucarana.pr.gov.br\/site\/wp-json\/wp\/v2\/tags?post=34386"}],"curies":[{"name":"wp","href":"https:\/\/api.w.org\/{rel}","templated":true}]}}