{"id":34365,"date":"2020-06-30T21:01:04","date_gmt":"2020-07-01T00:01:04","guid":{"rendered":"http:\/\/172.16.0.7\/site-antigo\/?p=34365"},"modified":"2024-10-08T09:21:06","modified_gmt":"2024-10-08T12:21:06","slug":"ecossistema-de-inovacao-comeca-a-ser-mapeado-em-apucarana","status":"publish","type":"post","link":"http:\/\/www.apucarana.pr.gov.br\/site\/ecossistema-de-inovacao-comeca-a-ser-mapeado-em-apucarana\/","title":{"rendered":"Ecossistema de inova\u00e7\u00e3o come\u00e7a a ser mapeado em Apucarana"},"content":{"rendered":"<p>A Prefeitura de Apucarana ir\u00e1 custear o mapeamento do ecossistema de inova\u00e7\u00e3o de Apucarana e de munic\u00edpios da regi\u00e3o. O contrato, no valor de R$ 120 mil, foi assinado nesta ter\u00e7a-feira, no gabinete do prefeito Junior da Femac, com a presen\u00e7a de Tiago Cunha (Sebrae), Wanderley Faganello (Acia) e Tiago Ribeiro (Unespar).<br \/>\nO estudo, que ser\u00e1 conduzido pelo Sebrae e que inclui diagn\u00f3stico e planejamento, ser\u00e1 efetivado em quatro fases, com pagamento parcelado\u00a0dos custos pela prefeitura. O mapeamento das potencialidades de Apucarana e regi\u00e3o no campo da inova\u00e7\u00e3o \u00e9 um dos requisitos necess\u00e1rios para fazer o cadastramento do Parque Tecnol\u00f3gico e de Inova\u00e7\u00e3o do Vale do Iva\u00ed (Vale da Inova\u00e7\u00e3o) junto \u00e0 Secretaria de Estado da Tecnologia.<br \/>\nO levantamento vai reunir informa\u00e7\u00f5es de estudos j\u00e1 existentes e de informa\u00e7\u00f5es que ser\u00e3o colhidas em trabalho de campo. \u201cO levantamento aproveitar\u00e1 o que j\u00e1 existe, como o banco de dados do Metr\u00f3pole Norte do Paran\u00e1, do Programa Municipal de Atra\u00e7\u00e3o de Investimentos de Apucarana (PMAI) e estudos sobre as potencialidades do Vale do Iva\u00ed\u201d, explica o prefeito Junior da Femac.<br \/>\nSegundo ele, o diagn\u00f3stico definir\u00e1 os setores priorit\u00e1rios, o grau de maturidade do ecossistema, as voca\u00e7\u00f5es econ\u00f4micas e os potenciais tecnol\u00f3gicos. \u201cVamos levantar quais s\u00e3o as voca\u00e7\u00f5es econ\u00f4micas, quanto cada uma delas representa somando-se os empregos e o valor de riqueza gerado. Depois, o estudo vai fazer o cruzamento das voca\u00e7\u00f5es com o potencial tecnol\u00f3gico\u201d, esclarece Junior da Femac.<br \/>\nO estudo conduzido pelo Sebare ir\u00e1 nortear os passos a serem seguidos para implantar o centro e, posteriormente, o parque tecnol\u00f3gico. \u201cQueremos que produtos novos e processos inovadores sejam desenvolvidos na regi\u00e3o, gerando riquezas e empregos, al\u00e9m de segurar aqui os jovens talentos das nossas universidades\u201d, comenta o prefeito.<br \/>\nUma das reconhecidas voca\u00e7\u00f5es do Vale do Iva\u00ed \u00e9 o agroneg\u00f3cio, mas quase toda tecnologia, produtos e insumos v\u00eam de fora, pontua Junior da Femac, citando ainda a constru\u00e7\u00e3o civil, o vestu\u00e1rio e a educa\u00e7\u00e3o como outras voca\u00e7\u00f5es regionais.<br \/>\nO projeto de implanta\u00e7\u00e3o do Parque Tecnol\u00f3gico e de Inova\u00e7\u00e3o do Vale do Iva\u00ed, com sede em Apucarana, integra o Conecta Apucarana que envolve, al\u00e9m da Prefeitura de Apucarana, diversas entidades como Acia, UTFPR, a Unespar, Facnopar, FAP, do Sebrae\/PR, do Senai, Sivale, Sivana e Sicoob Alian\u00e7a. O objetivo \u00e9 aproveitar as voca\u00e7\u00f5es regionais, como a ind\u00fastria do vestu\u00e1rio, as atividades de educa\u00e7\u00e3o p\u00fablicas e particulares, a constru\u00e7\u00e3o civil e o agroneg\u00f3cio.<br \/>\nNeste sentido, v\u00e1rias a\u00e7\u00f5es v\u00eam sendo desenvolvidas desde 2013 e est\u00e3o avan\u00e7ando. As iniciativas mais recentes ocorreram neste m\u00eas de maio, com a implanta\u00e7\u00e3o do Conselho Municipal de Inova\u00e7\u00e3o atrav\u00e9s do decreto 206\/2020 e o in\u00edcio da instala\u00e7\u00e3o do Parque Tecnol\u00f3gico e de Inova\u00e7\u00e3o do Vale do Iva\u00ed (VALE DA INOVA\u00c7\u00c3O).<br \/>\nConforme avalia Tiago Cunha, que integra a equipe local do Sebrae, com o futuro parque tecnol\u00f3gico a regi\u00e3o poder\u00e1 criar solu\u00e7\u00f5es pr\u00f3prias sem precisar esperar por tecnologias que v\u00eam de outros pa\u00edses.<br \/>\nCunha anunciou que nos pr\u00f3ximos dias vir\u00e3o t\u00e9cnicos do Sebrae para fomentar duas incubadores de startups mantidas pela UTFPR e pelo Conecta, em parceria com a Acia. \u201cO Sebrae vai dar suporte direto para 23 incubadores no Paran\u00e1 e Apucarana foi escolhida pelo seu potencial e por j\u00e1 manter em est\u00e1gio adiantado o Conecta e a incubadora (hotel) da UTFPR\u201d, informou<\/p>\n","protected":false},"excerpt":{"rendered":"<p>Contrato foi firmado nesta ter\u00e7a-feira entre a prefeitura e o Sebrae, para o custeio do diagn\u00f3stico e planejamento (Foto: PMA)<\/p>\n","protected":false},"author":4,"featured_media":34370,"comment_status":"closed","ping_status":"open","sticky":false,"template":"","format":"standard","meta":{"footnotes":""},"categories":[24],"tags":[],"class_list":["post-34365","post","type-post","status-publish","format-standard","has-post-thumbnail","hentry","category-noticias"],"acf":[],"_links":{"self":[{"href":"http:\/\/www.apucarana.pr.gov.br\/site\/wp-json\/wp\/v2\/posts\/34365","targetHints":{"allow":["GET"]}}],"collection":[{"href":"http:\/\/www.apucarana.pr.gov.br\/site\/wp-json\/wp\/v2\/posts"}],"about":[{"href":"http:\/\/www.apucarana.pr.gov.br\/site\/wp-json\/wp\/v2\/types\/post"}],"author":[{"embeddable":true,"href":"http:\/\/www.apucarana.pr.gov.br\/site\/wp-json\/wp\/v2\/users\/4"}],"replies":[{"embeddable":true,"href":"http:\/\/www.apucarana.pr.gov.br\/site\/wp-json\/wp\/v2\/comments?post=34365"}],"version-history":[{"count":1,"href":"http:\/\/www.apucarana.pr.gov.br\/site\/wp-json\/wp\/v2\/posts\/34365\/revisions"}],"predecessor-version":[{"id":99464,"href":"http:\/\/www.apucarana.pr.gov.br\/site\/wp-json\/wp\/v2\/posts\/34365\/revisions\/99464"}],"wp:featuredmedia":[{"embeddable":true,"href":"http:\/\/www.apucarana.pr.gov.br\/site\/wp-json\/"}],"wp:attachment":[{"href":"http:\/\/www.apucarana.pr.gov.br\/site\/wp-json\/wp\/v2\/media?parent=34365"}],"wp:term":[{"taxonomy":"category","embeddable":true,"href":"http:\/\/www.apucarana.pr.gov.br\/site\/wp-json\/wp\/v2\/categories?post=34365"},{"taxonomy":"post_tag","embeddable":true,"href":"http:\/\/www.apucarana.pr.gov.br\/site\/wp-json\/wp\/v2\/tags?post=34365"}],"curies":[{"name":"wp","href":"https:\/\/api.w.org\/{rel}","templated":true}]}}