{"id":34350,"date":"2020-06-30T16:44:00","date_gmt":"2020-06-30T19:44:00","guid":{"rendered":"http:\/\/172.16.0.7\/site-antigo\/?p=34350"},"modified":"2024-10-08T09:21:06","modified_gmt":"2024-10-08T12:21:06","slug":"junior-da-femac-entrega-reforma-da-uas-de-sao-pedro-do-taquara","status":"publish","type":"post","link":"http:\/\/www.apucarana.pr.gov.br\/site\/junior-da-femac-entrega-reforma-da-uas-de-sao-pedro-do-taquara\/","title":{"rendered":"Junior da Femac entrega reforma da UAS de S\u00e3o Pedro do Taquara"},"content":{"rendered":"<p>&nbsp;<br \/>\nO prefeito Junior da Femac entregou hoje (30), a reforma da Unidade de Apoio da Sa\u00fade (UAS) Hermenegildo Neris Pereira, do patrim\u00f4nio de S\u00e3o Pedro do Taquara. Com recursos pr\u00f3prios, o munic\u00edpio investiu R$ 79.942,03 na obra.<br \/>\nA ampla Unidade de Apoio da Sa\u00fade, que ocupa as instala\u00e7\u00f5es de uma antiga escola municipal, passou por uma reforma geral com a troca de piso e de forro PVC; reforma nos banheiros; adequa\u00e7\u00e3o das \u00e1reas de consult\u00f3rios, copa e farm\u00e1cia; pintura geral do pr\u00e9dio; aterramento de fossa existente e constru\u00e7\u00e3o de uma nova.<br \/>\nAl\u00e9m de ser beneficiados com a reforma do pr\u00e9dio, a comunidade de S\u00e3o Pedro do Taquara, que vive a 27 km do centro da cidade, comemora a designa\u00e7\u00e3o da t\u00e9cnica de enfermagem, Karina Queiroz da Silva, que reside no pr\u00f3prio patrim\u00f4nio e tem liga\u00e7\u00e3o direta com os moradores, para compor a equipe de profissionais da unidade de sa\u00fade.<br \/>\nCom uma consulta marcada para manh\u00e3 desta ter\u00e7a-feira, h\u00e1 20 anos residente no patrim\u00f4nio, Teresa Miguel Silv\u00e9rio elogiou as melhorias no pr\u00e9dio e destacou a import\u00e2ncia de poder contar com a t\u00e9cnica de enfermagem que conhece para qualquer necessidade no cuidado com sua sa\u00fade. \u00a0\u201cTudo ficou muito bom, bem organizado. Precis\u00e1vamos de um lugar igual a esse e temos a enfermeira Karina que n\u00e3o precisa se descolar at\u00e9 centro da cidade todos os dias e est\u00e1 mais perto para atender a gente\u201d, afirmou Teresa.<br \/>\n\u201cEssa entrega \u00e9 importante porque est\u00e1 dentro da proposta da gest\u00e3o Beto Preto de levar servi\u00e7os p\u00fablicos, em especial da aten\u00e7\u00e3o b\u00e1sica da sa\u00fade, bem perto das pessoas. Essa unidade \u00e9 a porta de entrada do SUS. \u00c9 uma obra pensada pelo doutor Beto Preto que tive a honra de come\u00e7ar e terminar. \u00c9 um posto de sa\u00fade que leva o nome de\u00a0Hermenegildo Neris Pereira, um pioneiro dessa regi\u00e3o de pessoas que trabalham na lavoura, que produzem alimento e t\u00eam todo nosso carinho\u201d,\u00a0destacou o prefeito Junior da Femac.<br \/>\nO vereador Mauro Bertoli, que representa a comunidade de S\u00e3o Pedro do Taquara, lembrou que a reforma da unidade de sa\u00fade era uma obra muito esperada. \u201cAgora todos contam com um local mais adequado para receber os cuidados na \u00e1rea da sa\u00fade. Isso reflete em mais conforto para os usu\u00e1rios e profissionais, e ainda em uma melhora do atendimento\u201d, avaliou Bertoli<br \/>\nO diretor presidente da Autarquia Municipal de Sa\u00fade (AMS), Roberto Kaneta, observou que mesmo diante de uma pandemia a administra\u00e7\u00e3o do prefeito Junior da Femac garante a entrega de equipamentos de sa\u00fade tanto na \u00e1rea central como em locais mais distantes. \u201cA gest\u00e3o municipal pensa nos moradores da \u00e1rea urbana e da zona rural, permitindo proporcionar, de uma forma geral, um melhor acolhimento na \u00e1rea da sa\u00fade\u201d, afirmou Kaneta.<br \/>\nUnidade de Apoio da Sa\u00fade Hermenegildo Neris Pereira conta com consult\u00f3rio m\u00e9dico, consult\u00f3rio odontol\u00f3gico, farm\u00e1cia, sala de triagem, sala de curativo, recep\u00e7\u00e3o, sala de reuni\u00e3o, cozinha e banheiros. O evento de entrega da reforma tamb\u00e9m foi prestigiado pelo vice-presidente da AMS, Em\u00eddio Bachiega, o do superintendente da Aten\u00e7\u00e3o B\u00e1sica da AMS, Marcel Viana de Castro.<br \/>\n&nbsp;<\/p>\n","protected":false},"excerpt":{"rendered":"<p>As melhorias na Unidade de Apoio da Sa\u00fade da localidade rural foram executadas com recursos pr\u00f3prios do munic\u00edpio\u00a0<\/p>\n","protected":false},"author":4,"featured_media":34351,"comment_status":"closed","ping_status":"open","sticky":false,"template":"","format":"standard","meta":{"footnotes":""},"categories":[24],"tags":[],"class_list":["post-34350","post","type-post","status-publish","format-standard","has-post-thumbnail","hentry","category-noticias"],"acf":[],"_links":{"self":[{"href":"http:\/\/www.apucarana.pr.gov.br\/site\/wp-json\/wp\/v2\/posts\/34350","targetHints":{"allow":["GET"]}}],"collection":[{"href":"http:\/\/www.apucarana.pr.gov.br\/site\/wp-json\/wp\/v2\/posts"}],"about":[{"href":"http:\/\/www.apucarana.pr.gov.br\/site\/wp-json\/wp\/v2\/types\/post"}],"author":[{"embeddable":true,"href":"http:\/\/www.apucarana.pr.gov.br\/site\/wp-json\/wp\/v2\/users\/4"}],"replies":[{"embeddable":true,"href":"http:\/\/www.apucarana.pr.gov.br\/site\/wp-json\/wp\/v2\/comments?post=34350"}],"version-history":[{"count":1,"href":"http:\/\/www.apucarana.pr.gov.br\/site\/wp-json\/wp\/v2\/posts\/34350\/revisions"}],"predecessor-version":[{"id":99465,"href":"http:\/\/www.apucarana.pr.gov.br\/site\/wp-json\/wp\/v2\/posts\/34350\/revisions\/99465"}],"wp:featuredmedia":[{"embeddable":true,"href":"http:\/\/www.apucarana.pr.gov.br\/site\/wp-json\/"}],"wp:attachment":[{"href":"http:\/\/www.apucarana.pr.gov.br\/site\/wp-json\/wp\/v2\/media?parent=34350"}],"wp:term":[{"taxonomy":"category","embeddable":true,"href":"http:\/\/www.apucarana.pr.gov.br\/site\/wp-json\/wp\/v2\/categories?post=34350"},{"taxonomy":"post_tag","embeddable":true,"href":"http:\/\/www.apucarana.pr.gov.br\/site\/wp-json\/wp\/v2\/tags?post=34350"}],"curies":[{"name":"wp","href":"https:\/\/api.w.org\/{rel}","templated":true}]}}