{"id":34334,"date":"2020-06-30T15:09:01","date_gmt":"2020-06-30T18:09:01","guid":{"rendered":"http:\/\/172.16.0.7\/site-antigo\/?p=34334"},"modified":"2024-10-08T09:21:06","modified_gmt":"2024-10-08T12:21:06","slug":"rua-em-revitalizacao-ganha-passeio-em-apucarana","status":"publish","type":"post","link":"http:\/\/www.apucarana.pr.gov.br\/site\/rua-em-revitalizacao-ganha-passeio-em-apucarana\/","title":{"rendered":"Rua em revitaliza\u00e7\u00e3o ganha passeio em Apucarana"},"content":{"rendered":"<p>A Rua Jo\u00e3o Luis Orlando, entre as ruas Na\u00e7\u00f5es Unidas e Jos\u00e9 Jorge, nas imedia\u00e7\u00f5es do Parque Bigua\u00e7u, est\u00e1 recebendo obras de constru\u00e7\u00e3o de cal\u00e7ada e nova ilumina\u00e7\u00e3o. O investimento, feito pela Prefeitura de Apucarana, atende a um trecho cujo pavimento est\u00e1 sendo revitalizado para servir como um novo corredor de tr\u00e1fego, ligando o centro atrav\u00e9s dos jardins S\u00e3o Pedro e das Flores.<br \/>\nSegundo o prefeito J\u00fanior da Femac, que vistoriou a execu\u00e7\u00e3o dos servi\u00e7os nesta ter\u00e7a-feira (30\/06), a cal\u00e7ada vai ser executada at\u00e9 a rua Rosa St\u00e1bile. \u201c\u00c9 um trecho do Programa Interbairros, que vem proporcionando mais mobilidade para ve\u00edculos e pedestres e j\u00e1 atendeu a dezenas de trechos de asfalto e cal\u00e7ada em diversos bairros de Apucarana\u201d, assinala o prefeito. Executadas com dimens\u00f5es apropriadas ao pedestre, J\u00fanior sugere que a popula\u00e7\u00e3o poder\u00e1 utilizar o novo passeio como pista de caminhada.<br \/>\nPara a cria\u00e7\u00e3o do novo corredor de tr\u00e1fego, lembra o prefeito J\u00fanior da Femac, foi necess\u00e1ria a abertura de via junto a trecho de 250 metros de fundo de vale entre os jardins S\u00e3o Pedro e das Flores. \u201cEste trecho, que \u00e9 o prolongamento da Rua Jo\u00e3o Lu\u00eds Orlando, recebeu implanta\u00e7\u00e3o da drenagem com galerias pluviais, constru\u00e7\u00e3o do meio-fio e pavimenta\u00e7\u00e3o asf\u00e1ltica, e agora tamb\u00e9m est\u00e1 recebendo a constru\u00e7\u00e3o de cal\u00e7adas\u201d, afirma J\u00fanior.<br \/>\nO projeto em execu\u00e7\u00e3o consiste na remodela\u00e7\u00e3o da rua em uma extens\u00e3o de 1.200 metros entre o cruzamento com a Rua Bandeirantes, no Jardim S\u00e3o Pedro, at\u00e9 a Rua Tulipa, no Jardim das Flores e integra o Programa Municipal Interbairros, que tem como vi\u00e9s o encurtamento de dist\u00e2ncias e aproxima\u00e7\u00e3o de pessoas.<br \/>\nO contrato com Construtora Vitorino Ltda, de Apucarana, vencedora da licita\u00e7\u00e3o, prev\u00ea a execu\u00e7\u00e3o de 12.617 m\u00b2 de asfalto novo, com recape em trecho de pedras poli\u00e9dricas, implanta\u00e7\u00e3o de drenagem das \u00e1guas da chuva, meio-fio e cal\u00e7adas, com investimento de R$ 1,4 milh\u00e3o em recursos provenientes do Financiamento \u00e0 Infraestrutura e ao Saneamento (Finisa), da Caixa Econ\u00f4mica Federal (CEF), al\u00e9m de contrapartida do Munic\u00edpio.<br \/>\nAl\u00e9m da remodela\u00e7\u00e3o e prolongamento da Rua Jo\u00e3o Lu\u00eds Orlando, o secret\u00e1rio Municipal de Obras, Herivelto Moreno, relata que tamb\u00e9m faz parte do pacote a completa reconstru\u00e7\u00e3o do asfalto de um trecho de 400 metros da Rua Hernando Pombo Ricardo, no Jardim S\u00e3o Pedro, obra rec\u00e9m finalizada. \u201cAl\u00e9m da retirada do asfalto deteriorado, foi necess\u00e1rio a reforma de bocas de lobo, de caixas de passagem, po\u00e7os de visita e meio-fio\u201d, conta o secret\u00e1rio.<\/p>\n","protected":false},"excerpt":{"rendered":"<p>Prefeito J\u00fanior da Femac acompanhou execu\u00e7\u00e3o de cal\u00e7ada na rua Jo\u00e3o Luis Orlando, que est\u00e1 sendo remodelada para ser um novo corredor de tr\u00e1fego entre centro-bairro (Foto: divulga\u00e7\u00e3o)<\/p>\n","protected":false},"author":4,"featured_media":34339,"comment_status":"closed","ping_status":"open","sticky":false,"template":"","format":"standard","meta":{"footnotes":""},"categories":[24],"tags":[],"class_list":["post-34334","post","type-post","status-publish","format-standard","has-post-thumbnail","hentry","category-noticias"],"acf":[],"_links":{"self":[{"href":"http:\/\/www.apucarana.pr.gov.br\/site\/wp-json\/wp\/v2\/posts\/34334","targetHints":{"allow":["GET"]}}],"collection":[{"href":"http:\/\/www.apucarana.pr.gov.br\/site\/wp-json\/wp\/v2\/posts"}],"about":[{"href":"http:\/\/www.apucarana.pr.gov.br\/site\/wp-json\/wp\/v2\/types\/post"}],"author":[{"embeddable":true,"href":"http:\/\/www.apucarana.pr.gov.br\/site\/wp-json\/wp\/v2\/users\/4"}],"replies":[{"embeddable":true,"href":"http:\/\/www.apucarana.pr.gov.br\/site\/wp-json\/wp\/v2\/comments?post=34334"}],"version-history":[{"count":1,"href":"http:\/\/www.apucarana.pr.gov.br\/site\/wp-json\/wp\/v2\/posts\/34334\/revisions"}],"predecessor-version":[{"id":99467,"href":"http:\/\/www.apucarana.pr.gov.br\/site\/wp-json\/wp\/v2\/posts\/34334\/revisions\/99467"}],"wp:featuredmedia":[{"embeddable":true,"href":"http:\/\/www.apucarana.pr.gov.br\/site\/wp-json\/"}],"wp:attachment":[{"href":"http:\/\/www.apucarana.pr.gov.br\/site\/wp-json\/wp\/v2\/media?parent=34334"}],"wp:term":[{"taxonomy":"category","embeddable":true,"href":"http:\/\/www.apucarana.pr.gov.br\/site\/wp-json\/wp\/v2\/categories?post=34334"},{"taxonomy":"post_tag","embeddable":true,"href":"http:\/\/www.apucarana.pr.gov.br\/site\/wp-json\/wp\/v2\/tags?post=34334"}],"curies":[{"name":"wp","href":"https:\/\/api.w.org\/{rel}","templated":true}]}}