{"id":34328,"date":"2020-06-30T15:55:31","date_gmt":"2020-06-30T18:55:31","guid":{"rendered":"http:\/\/172.16.0.7\/site-antigo\/?p=34328"},"modified":"2024-10-08T09:21:06","modified_gmt":"2024-10-08T12:21:06","slug":"prefeitura-instala-novos-parques-infantis-em-apucarana","status":"publish","type":"post","link":"http:\/\/www.apucarana.pr.gov.br\/site\/prefeitura-instala-novos-parques-infantis-em-apucarana\/","title":{"rendered":"Prefeitura instala novos parques infantis em Apucarana"},"content":{"rendered":"<p>Em tempos onde o fasc\u00ednio das novas tecnologias, como a televis\u00e3o, internet, videogames, computadores, smartphones e similares, segura cada vez mais crian\u00e7as e adolescentes entre quatro paredes, a Prefeitura de Apucarana tem investido na revitaliza\u00e7\u00e3o de suas \u00e1reas de lazer para incentivar atividades ao ar livre.<br \/>\nUma aposta da administra\u00e7\u00e3o \u00e9 a renova\u00e7\u00e3o e instala\u00e7\u00e3o de novos parques infantis, fabricados com mat\u00e9rias-primas recicl\u00e1veis, ecologicamente corretos, mais resistentes e que oferecem menor risco de acidentes com as crian\u00e7as. Nesta ter\u00e7a-feira (30\/06), o prefeito J\u00fanior da Femac acompanhou a implanta\u00e7\u00e3o de mais algumas unidades, que nesta etapa est\u00e3o atendendo ao N\u00facleo Habitacional Vale Verde, Pra\u00e7a Semiram\u00eds Braga (Clube 28 de janeiro) e Pra\u00e7a Interventor Manoel Ribas (Pra\u00e7a do Redondo).<br \/>\n\u201cA pr\u00e1tica de atividades ao ar livre gera qualidade de vida \u00e0s crian\u00e7as com uma melhora significativa em sua sa\u00fade, tanto f\u00edsica como mental\u201d, avalia o prefeito. Segundo ele, no N\u00facleo Vale Verde al\u00e9m do novo parque, a prefeitura reformou o playground antigo. \u201cEm todos os locais onde instalamos os parques infantis tamb\u00e9m complementamos com mesas, bancos e lixeiras, tornando os espa\u00e7os ainda mais agrad\u00e1veis e recept\u00edveis \u00e0 visita\u00e7\u00e3o das fam\u00edlias\u201d, comenta J\u00fanior da Femac.<br \/>\nOs novos parques infantis come\u00e7aram a ser instalados pela Prefeitura de Apucarana em setembro do ano passado. Os primeiros locais contemplados foram os parques Jaboti e Bigua\u00e7u, Parque Ecol\u00f3gico da Raposa, N\u00facleo Jo\u00e3o Paulo e distrito de Vila Reis, n\u00facleos Dom Romeu Alberti e Afonso Alves de Camargo, Jardim Santiago, Vila Apucaraninha, jardins Gramados e Diamantina, N\u00facleo Jo\u00e3o Goulart, al\u00e9m dos distritos de Correia de Freitas e Pirap\u00f3.<br \/>\nOs brinquedos de madeira pl\u00e1stica n\u00e3o sofrem desgaste com as chuvas e t\u00eam maior durabilidade. De acordo com o superintendente da Secretaria de Servi\u00e7os P\u00fablicos, Helligtonn Gomes Martins (Tom), respons\u00e1vel pela instala\u00e7\u00e3o dos parques infantis, o investimento faz parte do Projeto Pra\u00e7a Viva, iniciativa implementada pela gest\u00e3o Beto Preto e que vem sendo aprimorada pelo prefeito J\u00fanior da Femac. \u201cNeste novo pacote, que j\u00e1 atendeu \u00e0s pra\u00e7as do Clube 28 e do Redondo, e o N\u00facleo Vale Verde, est\u00e1 prevista a contrata\u00e7\u00e3o de 20 novos parques infantis\u201d, detalha Tom. O valor de cada conjunto \u00e9 de R$16,6 mil. A empresa fornecedora, vencedora da licita\u00e7\u00e3o, \u00e9 a Multiarte Ind\u00fastria e Com\u00e9rcio de Brinquedos Ltda, de Gaurama (RS). <\/p>\n","protected":false},"excerpt":{"rendered":"<p>Nova etapa atende ao N\u00facleo Habitacional Vale Verde, Pra\u00e7a Semiram\u00eds Braga (Clube 28 de janeiro) e Pra\u00e7a Interventor Manoel Ribas (Pra\u00e7a do Redondo) (Foto: PMA)<\/p>\n","protected":false},"author":4,"featured_media":34344,"comment_status":"closed","ping_status":"open","sticky":false,"template":"","format":"standard","meta":{"footnotes":""},"categories":[24],"tags":[],"class_list":["post-34328","post","type-post","status-publish","format-standard","has-post-thumbnail","hentry","category-noticias"],"acf":[],"_links":{"self":[{"href":"http:\/\/www.apucarana.pr.gov.br\/site\/wp-json\/wp\/v2\/posts\/34328","targetHints":{"allow":["GET"]}}],"collection":[{"href":"http:\/\/www.apucarana.pr.gov.br\/site\/wp-json\/wp\/v2\/posts"}],"about":[{"href":"http:\/\/www.apucarana.pr.gov.br\/site\/wp-json\/wp\/v2\/types\/post"}],"author":[{"embeddable":true,"href":"http:\/\/www.apucarana.pr.gov.br\/site\/wp-json\/wp\/v2\/users\/4"}],"replies":[{"embeddable":true,"href":"http:\/\/www.apucarana.pr.gov.br\/site\/wp-json\/wp\/v2\/comments?post=34328"}],"version-history":[{"count":1,"href":"http:\/\/www.apucarana.pr.gov.br\/site\/wp-json\/wp\/v2\/posts\/34328\/revisions"}],"predecessor-version":[{"id":99466,"href":"http:\/\/www.apucarana.pr.gov.br\/site\/wp-json\/wp\/v2\/posts\/34328\/revisions\/99466"}],"wp:featuredmedia":[{"embeddable":true,"href":"http:\/\/www.apucarana.pr.gov.br\/site\/wp-json\/"}],"wp:attachment":[{"href":"http:\/\/www.apucarana.pr.gov.br\/site\/wp-json\/wp\/v2\/media?parent=34328"}],"wp:term":[{"taxonomy":"category","embeddable":true,"href":"http:\/\/www.apucarana.pr.gov.br\/site\/wp-json\/wp\/v2\/categories?post=34328"},{"taxonomy":"post_tag","embeddable":true,"href":"http:\/\/www.apucarana.pr.gov.br\/site\/wp-json\/wp\/v2\/tags?post=34328"}],"curies":[{"name":"wp","href":"https:\/\/api.w.org\/{rel}","templated":true}]}}