{"id":34316,"date":"2020-06-30T12:56:44","date_gmt":"2020-06-30T15:56:44","guid":{"rendered":"http:\/\/172.16.0.7\/site-antigo\/?p=34316"},"modified":"2024-10-08T09:21:06","modified_gmt":"2024-10-08T12:21:06","slug":"prefeitura-recupera-estradas-na-regiao-de-sao-pedro-do-taquara","status":"publish","type":"post","link":"http:\/\/www.apucarana.pr.gov.br\/site\/prefeitura-recupera-estradas-na-regiao-de-sao-pedro-do-taquara\/","title":{"rendered":"Prefeitura recupera estradas na regi\u00e3o de S\u00e3o Pedro do Taquara"},"content":{"rendered":"<p>Ap\u00f3s concluir os servi\u00e7os de readequa\u00e7\u00e3o de estradas nas regi\u00f5es de Caixa de S\u00e3o Pedro e Barreiro, a patrulha mecanizada da Prefeitura de Apucarana come\u00e7ou a trabalhar nesta semana na recupera\u00e7\u00e3o das estradas rurais de S\u00e3o Pedro do Taquara, Distrito de Correia de Freitas e Pinhalzinho.<br \/>\nO prefeito Junior da Femac,\u00a0 acompanhado do vereador Mauro Bertoli que representa a regi\u00e3o, verificou nesta ter\u00e7a feira (30\/06) o in\u00edcio dos trabalhos na estrada que liga o Distrito de Correia de Freitas a S\u00e3o Pedro do Taquara. O prefeito lembra que a recupera\u00e7\u00e3o de estradas rurais \u00e9 \u00a0um trabalho constante na gest\u00e3o Beto Preto. &#8220;Temos 590 quil\u00f4metros de estradas vicinais e a topografia acidentada do munic\u00edpio exige que nossa equipe de manuten\u00e7\u00e3o esteja atenta para atender as demandas dos produtores rurais, principalmente no escoamento da produ\u00e7\u00e3o&#8221;, argumenta Junior da Femac.<br \/>\nDe acordo com Mauro Toshio Kitano, diretor do Departamento Municipal de Estradas Rurais, os servi\u00e7os envolvem a limpeza das laterais e das caixas de reten\u00e7\u00e3o de \u00e1gua, adequa\u00e7\u00e3o de lombadas e cascalhamento. As melhorias est\u00e3o sendo executadas em trecho de cerca de 11 quil\u00f4metros.<br \/>\nA patrulha mecanizada ficar\u00e1 na regi\u00e3o pelos pr\u00f3ximos dias, onde tamb\u00e9m vai fazer a recupera\u00e7\u00e3o de cerca de quatro quil\u00f4metros da Estrada que liga S\u00e3o Pedro do Taquara a Pinhalzinho. \u201cVamos aproveitar tamb\u00e9m e recuperar a Estrada da Jacucaca, no Distrito de Correia de Freitas,\u00a0 numa extens\u00e3o de\u00a0 aproximadamente dois quil\u00f4metros\u201d, informa Toshio.<br \/>\nA Prefeitura est\u00e1 nesta regi\u00e3o do Munic\u00edpio com uma equipe de 13 pessoas, para onde foram deslocadas duas motoniveladoras, duas p\u00e1s-carregadeiras, uma retroescavadeira, um rolo compactador e seis caminh\u00f5es.<\/p>\n","protected":false},"excerpt":{"rendered":"<p>A patrulha mecanizada ficar\u00e1 na regi\u00e3o pelos pr\u00f3ximos dias, onde tamb\u00e9m vai fazer a recupera\u00e7\u00e3o de estradas no Correia de Freitas e Pinhalzinho. (Foto: PMA)<\/p>\n","protected":false},"author":4,"featured_media":34317,"comment_status":"closed","ping_status":"open","sticky":false,"template":"","format":"standard","meta":{"footnotes":""},"categories":[24],"tags":[],"class_list":["post-34316","post","type-post","status-publish","format-standard","has-post-thumbnail","hentry","category-noticias"],"acf":[],"_links":{"self":[{"href":"http:\/\/www.apucarana.pr.gov.br\/site\/wp-json\/wp\/v2\/posts\/34316","targetHints":{"allow":["GET"]}}],"collection":[{"href":"http:\/\/www.apucarana.pr.gov.br\/site\/wp-json\/wp\/v2\/posts"}],"about":[{"href":"http:\/\/www.apucarana.pr.gov.br\/site\/wp-json\/wp\/v2\/types\/post"}],"author":[{"embeddable":true,"href":"http:\/\/www.apucarana.pr.gov.br\/site\/wp-json\/wp\/v2\/users\/4"}],"replies":[{"embeddable":true,"href":"http:\/\/www.apucarana.pr.gov.br\/site\/wp-json\/wp\/v2\/comments?post=34316"}],"version-history":[{"count":1,"href":"http:\/\/www.apucarana.pr.gov.br\/site\/wp-json\/wp\/v2\/posts\/34316\/revisions"}],"predecessor-version":[{"id":99468,"href":"http:\/\/www.apucarana.pr.gov.br\/site\/wp-json\/wp\/v2\/posts\/34316\/revisions\/99468"}],"wp:featuredmedia":[{"embeddable":true,"href":"http:\/\/www.apucarana.pr.gov.br\/site\/wp-json\/"}],"wp:attachment":[{"href":"http:\/\/www.apucarana.pr.gov.br\/site\/wp-json\/wp\/v2\/media?parent=34316"}],"wp:term":[{"taxonomy":"category","embeddable":true,"href":"http:\/\/www.apucarana.pr.gov.br\/site\/wp-json\/wp\/v2\/categories?post=34316"},{"taxonomy":"post_tag","embeddable":true,"href":"http:\/\/www.apucarana.pr.gov.br\/site\/wp-json\/wp\/v2\/tags?post=34316"}],"curies":[{"name":"wp","href":"https:\/\/api.w.org\/{rel}","templated":true}]}}