{"id":34292,"date":"2020-06-29T17:30:27","date_gmt":"2020-06-29T20:30:27","guid":{"rendered":"http:\/\/172.16.0.7\/site-antigo\/?p=34292"},"modified":"2024-10-08T09:21:06","modified_gmt":"2024-10-08T12:21:06","slug":"pandemia-altera-atendimento-no-conselho-tutelar","status":"publish","type":"post","link":"http:\/\/www.apucarana.pr.gov.br\/site\/pandemia-altera-atendimento-no-conselho-tutelar\/","title":{"rendered":"Pandemia altera atendimento no Conselho Tutelar"},"content":{"rendered":"<p>Com uma m\u00e9dia de 30 atendimentos di\u00e1rios e uma demanda crescente, sobretudo relacionada \u00e0 infrequ\u00eancia escolar, que s\u00e3o casos onde alunos n\u00e3o est\u00e3o acompanhando as atividades pedag\u00f3gicas ministradas nas plataformas online, as equipes do Conselho Tutelar dos Direitos da Crian\u00e7a e do Adolescente de Apucarana est\u00e3o realizando atendimento presencial apenas mediante agendamento telef\u00f4nico.<br \/>\nA medida visa resguardar os profissionais de uma maior exposi\u00e7\u00e3o ao novo coronav\u00edrus (Covid-19). Segundo explica a conselheira tutelar Juliane de Lima, o novo sistema de atendimento tem proporcionado uma melhor condi\u00e7\u00e3o de trabalho. \u201cA demanda, que j\u00e1 era grande, aumentou com o advento da pandemia, deixando a todos n\u00f3s mais expostos ao risco de contrair o v\u00edrus, por isto, seguindo as diretrizes da sa\u00fade, restringimos o atendimento presencial a um agendamento pr\u00e9vio, em especial de casos onde a pessoa busca orienta\u00e7\u00f5es. Se a ocorr\u00eancia for de urg\u00eancia, o atendimento \u00e9 imediato\u201d, explica Juliane.<br \/>\nO agendamento deve ser feito pelo celular 99654-8817, das 8 \u00e0s 18 horas. \u201cA atua\u00e7\u00e3o do Conselho Tutelar de Apucarana, contudo, \u00e9 24 horas. Tem sempre uma equipe de plant\u00e3o\u201d, comunica a conselheira Juliane de Lima.<br \/>\nA sede do conselho fica na rua Os\u00f3rio Ribas de Paula, 697, centro. Os cinco conselheiros titulares em atividade foram empossados em janeiro deste ano pelo prefeito J\u00fanior da Femac para um mandato de quatro anos, sendo eles: Am\u00e1lia Costa Bittencourt Zielonka de Mello, Andr\u00e9 dos Reis Avelar, Camila Maiara Campideli, Juliane de Lima e Maria Luzinete Carvalho do Nascimento Pereira, que foram eleitos em pleito popular realizado no dia 6 de outubro do ano passado, quando 4.777 eleitores votaram em 37 candidatos.<\/p>\n","protected":false},"excerpt":{"rendered":"<p>Atendimento presencial est\u00e1 sendo realizado apenas mediante agendamento telef\u00f4nico (Foto: PMA)<\/p>\n","protected":false},"author":4,"featured_media":34295,"comment_status":"closed","ping_status":"open","sticky":false,"template":"","format":"standard","meta":{"footnotes":""},"categories":[24],"tags":[],"class_list":["post-34292","post","type-post","status-publish","format-standard","has-post-thumbnail","hentry","category-noticias"],"acf":[],"_links":{"self":[{"href":"http:\/\/www.apucarana.pr.gov.br\/site\/wp-json\/wp\/v2\/posts\/34292","targetHints":{"allow":["GET"]}}],"collection":[{"href":"http:\/\/www.apucarana.pr.gov.br\/site\/wp-json\/wp\/v2\/posts"}],"about":[{"href":"http:\/\/www.apucarana.pr.gov.br\/site\/wp-json\/wp\/v2\/types\/post"}],"author":[{"embeddable":true,"href":"http:\/\/www.apucarana.pr.gov.br\/site\/wp-json\/wp\/v2\/users\/4"}],"replies":[{"embeddable":true,"href":"http:\/\/www.apucarana.pr.gov.br\/site\/wp-json\/wp\/v2\/comments?post=34292"}],"version-history":[{"count":1,"href":"http:\/\/www.apucarana.pr.gov.br\/site\/wp-json\/wp\/v2\/posts\/34292\/revisions"}],"predecessor-version":[{"id":99470,"href":"http:\/\/www.apucarana.pr.gov.br\/site\/wp-json\/wp\/v2\/posts\/34292\/revisions\/99470"}],"wp:featuredmedia":[{"embeddable":true,"href":"http:\/\/www.apucarana.pr.gov.br\/site\/wp-json\/"}],"wp:attachment":[{"href":"http:\/\/www.apucarana.pr.gov.br\/site\/wp-json\/wp\/v2\/media?parent=34292"}],"wp:term":[{"taxonomy":"category","embeddable":true,"href":"http:\/\/www.apucarana.pr.gov.br\/site\/wp-json\/wp\/v2\/categories?post=34292"},{"taxonomy":"post_tag","embeddable":true,"href":"http:\/\/www.apucarana.pr.gov.br\/site\/wp-json\/wp\/v2\/tags?post=34292"}],"curies":[{"name":"wp","href":"https:\/\/api.w.org\/{rel}","templated":true}]}}