{"id":33218,"date":"2020-06-01T11:27:42","date_gmt":"2020-06-01T14:27:42","guid":{"rendered":"http:\/\/172.16.0.7\/site-antigo\/?p=33218"},"modified":"2024-10-08T09:21:12","modified_gmt":"2024-10-08T12:21:12","slug":"rua-e-recuperada-com-residuo-de-asfalto-no-loteamento-mate-amargo","status":"publish","type":"post","link":"http:\/\/www.apucarana.pr.gov.br\/site\/rua-e-recuperada-com-residuo-de-asfalto-no-loteamento-mate-amargo\/","title":{"rendered":"Rua \u00e9 recuperada com res\u00edduo de asfalto no Loteamento Mate Amargo"},"content":{"rendered":"<p>A Prefeitura de Apucarana fez a recupera\u00e7\u00e3o da Rua Benjamin Bossa, localizada no Loteamento Ch\u00e1cara Mate Amargo. As melhorias foram executadas com res\u00edduo de asfalto em trecho de cerca de 800 metros. Trata-se de uma reivindica\u00e7\u00e3o antiga dos moradores, pois este trecho da via possui uma subida \u00edngreme, o que dificultava o deslocamento dos moradores.<br \/>\nO prefeito de Apucarana, Junior da Femac, afirma que a reivindica\u00e7\u00e3o foi apresentada pela comunidade atrav\u00e9s do vereador Gentil Pereira. \u00a0\u201cConversando com os moradores, o vereador e com nossa equipe da Secretaria Municipal de Servi\u00e7os P\u00fablicos, chegamos \u00e0 conclus\u00e3o de que a melhor solu\u00e7\u00e3o seria fazer a recupera\u00e7\u00e3o com res\u00edduo de asfalto\u201d, explica Junior da Femac.<br \/>\nAl\u00e9m dos cerca de 800 metros que foram recuperados com res\u00edduo de asfalto, os maquin\u00e1rios da Prefeitura tamb\u00e9m fizeram a limpeza das caixas de reten\u00e7\u00e3o de \u00e1gua ao longo de toda a estrada. \u201c\u00c9 uma via n\u00e3o pavimentada que tem cerca de um quil\u00f4metro e meio de extens\u00e3o e que fica nos fundos do antigo CTG. Devido \u00e0 localiza\u00e7\u00e3o e \u00e0 topografia, \u00e9 uma regi\u00e3o que sofre bastante com a eros\u00e3o em \u00e9pocas de chuva\u201d, reitera Junior da Femac.<br \/>\nDe acordo com Mauro Toshio Kitano, diretor do Departamento Municipal de Estradas Rurais, foram colocados 26 caminh\u00f5es de res\u00edduo de asfalto. \u00a0\u201cO servi\u00e7o foi executado com o apoio de um caminh\u00e3o-pipa que, enquanto o rolo compactador fazia o servi\u00e7o, ia esguichando \u00e1gua para aumentar a ader\u00eancia do res\u00edduo\u201d, explica Toshio.<br \/>\nO vereador Gentil Pereira afirma que est\u00e1 atento \u00e0s demandas da comunidade. \u201cFui inclu\u00eddo ao grupo de whatsapp do bairro e diariamente estamos conversando sobre as necessidades dos moradores. Outra reivindica\u00e7\u00e3o que encaminhamos ao prefeito \u00e9 quanto a melhorias na ilumina\u00e7\u00e3o p\u00fablica e tamb\u00e9m ao servi\u00e7o de coleta de lixo que atualmente n\u00e3o existe no bairro\u201d, pontua o vereador.<br \/>\nConforme o engenheiro eletricista Lafayete Luz, diretor-presidente do Instituto de Desenvolvimento Pesquisa e Planejamento de Apucarana (Idepplan), a solu\u00e7\u00e3o para a quest\u00e3o de ilumina\u00e7\u00e3o j\u00e1 est\u00e1 encaminhada. \u201cVamos aumentar a pot\u00eancia das l\u00e2mpadas de 70 para 150 watts, al\u00e9m de acrescentar alguns pontos, o que vai exigir a extens\u00e3o da rede\u201d, informa Lafayete. J\u00e1 quanto \u00e0 coleta de lixo, ser\u00e1 agendada uma reuni\u00e3o com representantes da empresa terceirizada respons\u00e1vel pelo servi\u00e7o em Apucarana.<\/p>\n","protected":false},"excerpt":{"rendered":"<p>As melhorias foram executadas  em trecho de cerca de 800 metros, onde existe uma subida \u00edngreme. (Foto: PMA)<\/p>\n","protected":false},"author":4,"featured_media":33222,"comment_status":"closed","ping_status":"open","sticky":false,"template":"","format":"standard","meta":{"footnotes":""},"categories":[24],"tags":[],"class_list":["post-33218","post","type-post","status-publish","format-standard","has-post-thumbnail","hentry","category-noticias"],"acf":[],"_links":{"self":[{"href":"http:\/\/www.apucarana.pr.gov.br\/site\/wp-json\/wp\/v2\/posts\/33218","targetHints":{"allow":["GET"]}}],"collection":[{"href":"http:\/\/www.apucarana.pr.gov.br\/site\/wp-json\/wp\/v2\/posts"}],"about":[{"href":"http:\/\/www.apucarana.pr.gov.br\/site\/wp-json\/wp\/v2\/types\/post"}],"author":[{"embeddable":true,"href":"http:\/\/www.apucarana.pr.gov.br\/site\/wp-json\/wp\/v2\/users\/4"}],"replies":[{"embeddable":true,"href":"http:\/\/www.apucarana.pr.gov.br\/site\/wp-json\/wp\/v2\/comments?post=33218"}],"version-history":[{"count":1,"href":"http:\/\/www.apucarana.pr.gov.br\/site\/wp-json\/wp\/v2\/posts\/33218\/revisions"}],"predecessor-version":[{"id":99541,"href":"http:\/\/www.apucarana.pr.gov.br\/site\/wp-json\/wp\/v2\/posts\/33218\/revisions\/99541"}],"wp:featuredmedia":[{"embeddable":true,"href":"http:\/\/www.apucarana.pr.gov.br\/site\/wp-json\/"}],"wp:attachment":[{"href":"http:\/\/www.apucarana.pr.gov.br\/site\/wp-json\/wp\/v2\/media?parent=33218"}],"wp:term":[{"taxonomy":"category","embeddable":true,"href":"http:\/\/www.apucarana.pr.gov.br\/site\/wp-json\/wp\/v2\/categories?post=33218"},{"taxonomy":"post_tag","embeddable":true,"href":"http:\/\/www.apucarana.pr.gov.br\/site\/wp-json\/wp\/v2\/tags?post=33218"}],"curies":[{"name":"wp","href":"https:\/\/api.w.org\/{rel}","templated":true}]}}