{"id":33174,"date":"2020-05-29T14:23:51","date_gmt":"2020-05-29T17:23:51","guid":{"rendered":"http:\/\/172.16.0.7\/site-antigo\/?p=33174"},"modified":"2024-10-08T09:21:13","modified_gmt":"2024-10-08T12:21:13","slug":"caminhao-fumace-reforca-o-combate-a-dengue-em-apucarana","status":"publish","type":"post","link":"http:\/\/www.apucarana.pr.gov.br\/site\/caminhao-fumace-reforca-o-combate-a-dengue-em-apucarana\/","title":{"rendered":"Caminh\u00e3o fumac\u00ea refor\u00e7a o combate \u00e0 dengue em Apucarana"},"content":{"rendered":"<p>O combate \u00e0 dengue em Apucarana ganhou um refor\u00e7o a partir desta semana com a chegada do caminh\u00e3o fumac\u00ea enviado ao munic\u00edpio pela Secretaria de Estado da Sa\u00fade (SESA). A aplica\u00e7\u00e3o do inseticida contra o mosquito Aedes aegypti com o equipamento do governo do estado come\u00e7ou no s\u00e1bado passado e est\u00e1 acontecendo primeiramente em todos os bairros priorit\u00e1rios, ou seja, os que registram maior incid\u00eancia de casos de dengue.<br \/>\nO caminh\u00e3o do fumac\u00ea, no momento, est\u00e1 pulverizando os bairros dos Jardins Novo Horizonte, Diamantina, Ponta Grossa, Vale Verde, Marissol, Am\u00e9rica, Trabalhista e Apucarana, al\u00e9m do Parque Bela Vista e N\u00facleo Habitacional Marcos Freire.<br \/>\nParalelamente a a\u00e7\u00e3o do caminh\u00e3o fumac\u00ea, Apucarana est\u00e1 aplicando o inseticida contra o mosquito da dengue com a bomba costal da Autarquia Municipal de Sa\u00fade. Esse servi\u00e7o vem sendo realizado h\u00e1 mais de um m\u00eas e j\u00e1 atendeu as regi\u00f5es do N\u00facleo Adriano Correia, Jardim Curitiba, fundos do Jardim Eldorado e os distritos do Pirap\u00f3, Vila Reis e Caixa de S\u00e3o Pedro. \u201cNo momento est\u00e3o pulverizando as regi\u00f5es Vila Regina, Residencial Orlando Bacarin, Col\u00f4nia dos Produtores e N\u00facleo da Fraternidade. O pr\u00f3ximo local \u00e9 o Jardim Aclima\u00e7\u00e3o\u201d, informa o diretor presidente de Autarquia Municipal de Sa\u00fade (AMS), Roberto Kaneta.<br \/>\nO trabalho do caminh\u00e3o fumac\u00ea contra a dengue \u00e9 realizada entre as 5h30 e 9 horas, e das 16h30 \u00e0s 20 horas. De acordo com a Divis\u00e3o de Endemias da AMS \u00e9 recomendado que a popula\u00e7\u00e3o mantenha as janelas de suas casas abertas para o inseticida agir contra os mosquitos que est\u00e3o no interior das resid\u00eancias, al\u00e9m de proteger os animais, principalmente as aves, e os seus recipientes de \u00e1gua. Quer for apicultor deve avisar a secretaria Municipal de Sa\u00fade, telefone 3422-5888, solicitar divis\u00e3o de endemias.<br \/>\nApucarana soma 591 casos de dengue e tem outros 250 em investiga\u00e7\u00e3o. \u201cN\u00e3o estamos medindo esfor\u00e7os para combater essa doen\u00e7a no munic\u00edpio, mas refor\u00e7amos o apelo para popula\u00e7\u00e3o fazer sua parte e eliminar recipiente com \u00e1gua que serve de criadouro do mosquito da dengue. Juntos podemos ter grandes resultados nesta luta\u201d, conclama o prefeito Junior da Femac.<\/p>\n","protected":false},"excerpt":{"rendered":"<p>Aplica\u00e7\u00e3o de inseticida prioriza os bairros com maior n\u00famero de casos da doen\u00e7a, mas ser\u00e1 estendido a toda cidade<\/p>\n","protected":false},"author":4,"featured_media":33175,"comment_status":"closed","ping_status":"open","sticky":false,"template":"","format":"standard","meta":{"footnotes":""},"categories":[24],"tags":[],"class_list":["post-33174","post","type-post","status-publish","format-standard","has-post-thumbnail","hentry","category-noticias"],"acf":[],"_links":{"self":[{"href":"http:\/\/www.apucarana.pr.gov.br\/site\/wp-json\/wp\/v2\/posts\/33174","targetHints":{"allow":["GET"]}}],"collection":[{"href":"http:\/\/www.apucarana.pr.gov.br\/site\/wp-json\/wp\/v2\/posts"}],"about":[{"href":"http:\/\/www.apucarana.pr.gov.br\/site\/wp-json\/wp\/v2\/types\/post"}],"author":[{"embeddable":true,"href":"http:\/\/www.apucarana.pr.gov.br\/site\/wp-json\/wp\/v2\/users\/4"}],"replies":[{"embeddable":true,"href":"http:\/\/www.apucarana.pr.gov.br\/site\/wp-json\/wp\/v2\/comments?post=33174"}],"version-history":[{"count":1,"href":"http:\/\/www.apucarana.pr.gov.br\/site\/wp-json\/wp\/v2\/posts\/33174\/revisions"}],"predecessor-version":[{"id":99545,"href":"http:\/\/www.apucarana.pr.gov.br\/site\/wp-json\/wp\/v2\/posts\/33174\/revisions\/99545"}],"wp:featuredmedia":[{"embeddable":true,"href":"http:\/\/www.apucarana.pr.gov.br\/site\/wp-json\/"}],"wp:attachment":[{"href":"http:\/\/www.apucarana.pr.gov.br\/site\/wp-json\/wp\/v2\/media?parent=33174"}],"wp:term":[{"taxonomy":"category","embeddable":true,"href":"http:\/\/www.apucarana.pr.gov.br\/site\/wp-json\/wp\/v2\/categories?post=33174"},{"taxonomy":"post_tag","embeddable":true,"href":"http:\/\/www.apucarana.pr.gov.br\/site\/wp-json\/wp\/v2\/tags?post=33174"}],"curies":[{"name":"wp","href":"https:\/\/api.w.org\/{rel}","templated":true}]}}