{"id":33134,"date":"2020-05-28T16:41:56","date_gmt":"2020-05-28T19:41:56","guid":{"rendered":"http:\/\/172.16.0.7\/site-antigo\/?p=33134"},"modified":"2024-10-08T09:21:13","modified_gmt":"2024-10-08T12:21:13","slug":"ubss-do-marissol-e-marcos-freire-serao-inauguradas-em-junho","status":"publish","type":"post","link":"http:\/\/www.apucarana.pr.gov.br\/site\/ubss-do-marissol-e-marcos-freire-serao-inauguradas-em-junho\/","title":{"rendered":"UBSs do Marissol e Marcos Freire ser\u00e3o inauguradas em junho"},"content":{"rendered":"<p>O in\u00edcio de junho vai marcar a entrega de duas importantes obras na \u00e1rea da sa\u00fade em Apucarana. Em visita as obras de constru\u00e7\u00e3o da Unidade B\u00e1sica de Sa\u00fade (UBS) Orestes Marquito, do Jardim Marissol e da reforma e amplia\u00e7\u00e3o da UBS Julia Renczkowski, localizada no N\u00facleo Habitacional Marcos Freire o prefeito Junior da Femac anunciou na manh\u00e3 de hoje (28) as datas das inaugura\u00e7\u00f5es destas unidades de sa\u00fade.<br \/>\nA primeira a ser entregue \u00e0 popula\u00e7\u00e3o, na pr\u00f3xima segunda-feira (1), ser\u00e1 a reforma e amplia\u00e7\u00e3o da UBS Julia Renczkowski, localizada no N\u00facleo Habitacional Marcos Freire. A obra envolveu um investimento de R$ 109.079,48, com recursos pr\u00f3prios do munic\u00edpio. A unidade passou por amplia\u00e7\u00e3o da recep\u00e7\u00e3o, farm\u00e1cia, e das salas de espera (no conceito sala verde) e curativos. O total de amplia\u00e7\u00e3o da atual \u00e1rea da UBS ser\u00e1 de 34,69 m\u00b2.<br \/>\nTamb\u00e9m foi feita troca de pisos, portas e janelas; pintura total do pr\u00e9dio, adequa\u00e7\u00e3o dos banheiros com foco na acessibilidade; instala\u00e7\u00e3o de bancadas em granito, assentamento de pastilhas na \u00e1rea externa, bem como na recep\u00e7\u00e3o e circula\u00e7\u00e3o.<br \/>\nO projeto de reforma abrangeu uma \u00e1rea de 133,48 m\u00b2, no qual est\u00e1 inclu\u00edda a revis\u00e3o completa da cobertura e da rede el\u00e9trica da UBS. Com as adequa\u00e7\u00f5es a UBS do Marcos Freire passar\u00e1 a disponibilizar sala de vacinas para comunidade.<br \/>\nA constru\u00e7\u00e3o da nova sede da Unidade B\u00e1sica de Sa\u00fade (UBS) Orestes Marquito, do Jardim Marissol, por sua vez, ser\u00e1 inaugurada no dia 8 de junho.<br \/>\nCom a impossibilidade de amplia\u00e7\u00e3o das antigas instala\u00e7\u00f5es devido \u00e0 falta de espa\u00e7o, o novo pr\u00e9dio da UBS Orestes Marquito foi edificado em terreno de 1.500 metros quadrados localizado aos fundos da Academia ao Ar Livre (AAL) e conta com 255 metros quadrados de \u00e1rea constru\u00edda. O investimento \u00e9 de R$ 497.081,75 com recursos municipais.<br \/>\nCom uma \u00e1rea tr\u00eas vezes maior que a atual, a nova UBS vai contar uma ampla recep\u00e7\u00e3o e sala de espera com 69,84 m\u00b2 (sala verde); banheiros acess\u00edveis; salas de vacina, de procedimentos, de esteriliza\u00e7\u00e3o, de curativo, e de reuni\u00e3o; dois consult\u00f3rios m\u00e9dicos; um consult\u00f3rio odontol\u00f3gico; farm\u00e1cia; copa; dep\u00f3sito de material de limpeza e banheiros para funcion\u00e1rios.<br \/>\nAl\u00e9m de valorizar a acessibilidade, o prefeito Junior da Femac detalha que os projetos de reformas, amplia\u00e7\u00f5es e constru\u00e7\u00e3o das duas UBSs foram executados com o novo conceito de Sala Verde. Isso significa que essas unidades ser\u00e3o dotadas de uma recep\u00e7\u00e3o mais ampla, proporcionando melhor acomoda\u00e7\u00e3o para os pacientes e seus acompanhantes. Trata-se de um espa\u00e7o com banheiros adaptados, televis\u00e3o, entre outros detalhes para melhor acolher o usu\u00e1rio. \u201cA sa\u00fade come\u00e7a pelo acolhimento\u201d, afirma Junior da Femac.<br \/>\n&nbsp;<\/p>\n","protected":false},"excerpt":{"rendered":"<p>Entregas das duas obras est\u00e3o marcadas j\u00e1 para o in\u00edcio do m\u00eas, nos dias 1\u00ba e 8<\/p>\n","protected":false},"author":4,"featured_media":33135,"comment_status":"closed","ping_status":"open","sticky":false,"template":"","format":"standard","meta":{"footnotes":""},"categories":[24],"tags":[],"class_list":["post-33134","post","type-post","status-publish","format-standard","has-post-thumbnail","hentry","category-noticias"],"acf":[],"_links":{"self":[{"href":"http:\/\/www.apucarana.pr.gov.br\/site\/wp-json\/wp\/v2\/posts\/33134","targetHints":{"allow":["GET"]}}],"collection":[{"href":"http:\/\/www.apucarana.pr.gov.br\/site\/wp-json\/wp\/v2\/posts"}],"about":[{"href":"http:\/\/www.apucarana.pr.gov.br\/site\/wp-json\/wp\/v2\/types\/post"}],"author":[{"embeddable":true,"href":"http:\/\/www.apucarana.pr.gov.br\/site\/wp-json\/wp\/v2\/users\/4"}],"replies":[{"embeddable":true,"href":"http:\/\/www.apucarana.pr.gov.br\/site\/wp-json\/wp\/v2\/comments?post=33134"}],"version-history":[{"count":1,"href":"http:\/\/www.apucarana.pr.gov.br\/site\/wp-json\/wp\/v2\/posts\/33134\/revisions"}],"predecessor-version":[{"id":99548,"href":"http:\/\/www.apucarana.pr.gov.br\/site\/wp-json\/wp\/v2\/posts\/33134\/revisions\/99548"}],"wp:featuredmedia":[{"embeddable":true,"href":"http:\/\/www.apucarana.pr.gov.br\/site\/wp-json\/"}],"wp:attachment":[{"href":"http:\/\/www.apucarana.pr.gov.br\/site\/wp-json\/wp\/v2\/media?parent=33134"}],"wp:term":[{"taxonomy":"category","embeddable":true,"href":"http:\/\/www.apucarana.pr.gov.br\/site\/wp-json\/wp\/v2\/categories?post=33134"},{"taxonomy":"post_tag","embeddable":true,"href":"http:\/\/www.apucarana.pr.gov.br\/site\/wp-json\/wp\/v2\/tags?post=33134"}],"curies":[{"name":"wp","href":"https:\/\/api.w.org\/{rel}","templated":true}]}}