{"id":33114,"date":"2020-05-28T16:26:14","date_gmt":"2020-05-28T19:26:14","guid":{"rendered":"http:\/\/172.16.0.7\/site-antigo\/?p=33114"},"modified":"2024-10-08T09:21:13","modified_gmt":"2024-10-08T12:21:13","slug":"sistema-fecomercio-entrega-pracas-em-apucarana","status":"publish","type":"post","link":"http:\/\/www.apucarana.pr.gov.br\/site\/sistema-fecomercio-entrega-pracas-em-apucarana\/","title":{"rendered":"Sistema Fecom\u00e9rcio entrega pra\u00e7as em Apucarana"},"content":{"rendered":"<p>Apucarana ganhou duas novas pra\u00e7as, que foram constru\u00eddas pelo Sistema Fecom\u00e9rcio (Federa\u00e7\u00e3o do Com\u00e9rcio de Bens, Servi\u00e7os e Turismo do Paran\u00e1). Um dos espa\u00e7os est\u00e1 localizado junto ao Sesc, defronte \u00e0 Unidade de Pronto Atendimento (UPA), onde antigamente funcionava a Casa de Portugal, e o outro em anexo ao Senac, nas proximidades do Parque Jaboti.<br \/>\nDevido \u00e0 pandemia do coronav\u00edrus, as pra\u00e7as foram abertas em ato simb\u00f3lico, realizado na manh\u00e3 desta quinta-feira (28\/05), que contou com a presen\u00e7a do prefeito de Apucarana, Junior da Femac, do gerente da unidade do Senac, Lucas Salvalaggio da Silva, da gerente do Sesc, Marcia Dallagnol, de Aida Assun\u00e7\u00e3o, presidente do Sindicato Varejista de Apucarana (Sivana) e de membros da col\u00f4nia portuguesa.<br \/>\nO primeiro ato foi realizado no denominado Espa\u00e7o de Sa\u00fade e Bem-estar, junto \u00e0 unidade do Senac de Apucarana. \u201cTrata-se de uma \u00e1rea doada pelo Munic\u00edpio de cerca de 11 mil metros quadrados para a constru\u00e7\u00e3o do Senac, que assumiu o compromisso de urbanizar este espa\u00e7o que fica ao lado do Parque dos 70 anos\u201d, explica o prefeito Junior da Femac.<br \/>\nNeste local, passa o canal do C\u00f3rrego Jaboti, que separa naturalmente os dois parques. \u201cO espa\u00e7o foi cercado com alambrado e possui dois acessos, ganhando tamb\u00e9m parque infantil, academia ao ar livre, gramado, cal\u00e7ada, bancos, estacionamento e drenagem\u201d, cita Lucas Salvalaggio da Silva, gerente do Senac.<br \/>\nO segundo ato ocorreu em \u00e1rea pr\u00f3xima ao Sesc, localizada defronte \u00e0 Unidade de Pronto Atendimento (UPA), onde foram implantados o Memorial Casa de Portugal e Pra\u00e7a Jos\u00e9 Lebre dos Santos. \u201c\u00c9 um espa\u00e7o que tem um grande simbolismo para Apucarana. Al\u00e9m de ficar pr\u00f3ximo da nascente do Rio Pirap\u00f3, ele abriga o Memorial Casa de Portugal e presta homenagem ao pioneiro Jos\u00e9 Lebre dos Santos, descendente de portugueses e que foi um grande empres\u00e1rio do com\u00e9rcio de Apucarana\u201d, ressalta o prefeito Junior da Femac, que lembrou o esfor\u00e7o feito para viabilizar a obra pelo ex-prefeito Beto Preto, pelo presidente da Fecom\u00e9rcio e atual vice-governador, Darci Piana, al\u00e9m de dirigentes da federa\u00e7\u00e3o.<br \/>\nOsnei Jos\u00e9 Sim\u00f5es Santos se manifestou em nome da fam\u00edlia do homenageado, lembrando que esta \u00e1rea abrigou por anos a tradicional Casa de Portugal e, em 2006, foi doada ao Senac pela col\u00f4nia portuguesa para edifica\u00e7\u00e3o do novo pr\u00e9dio da entidade. \u201cMas por estar nas proximidades da nascente do Rio Pirap\u00f3, entraves da legisla\u00e7\u00e3o ambiental impossibilitaram a obra, que foi executada posteriormente em terreno doado pela Prefeitura de Apucarana nas imedia\u00e7\u00f5es do Parque Jaboti\u201d, recorda, acrescentando que Jos\u00e9 Lebre dos Santos foi homenageado por ser filho de imigrantes, ter dedicado \u00e0 vida ao com\u00e9rcio da cidade e tamb\u00e9m por ter sido professor do Senac.<br \/>\nLuiz Fernando Mamede Mendes, presidente da comiss\u00e3o de obras, afirma que a Prefeitura contribuiu com a terraplenagem do terreno que possui \u00e1rea de cerca de 3 mil metros quadrados. \u201cAl\u00e9m do memorial em homenagem aos pioneiros portugueses que atuaram de forma expressiva no com\u00e9rcio local, foram plantadas neste espa\u00e7o 13 oliveiras de esp\u00e9cies que s\u00e3o cultivadas em Portugal e tamb\u00e9m 13 cerejeiras\u201d, reitera, lembrando que o espa\u00e7o possui ainda pista de caminhada, playground, academia ao ar livre, bancos e gramado.<\/p>\n","protected":false},"excerpt":{"rendered":"<p>Devido \u00e0 pandemia do coronav\u00edrus, as pra\u00e7as foram abertas em ato simb\u00f3lico, realizado na manh\u00e3 desta quinta-feira (28\/05), que contou com a presen\u00e7a do prefeito de Apucarana, Junior da Femac, do gerente da unidade do Senac, Lucas Salvalaggio da Silva, da gerente do Sesc, Marcia Dallagnol, de Aida Assun\u00e7\u00e3o, presidente do Sindicato Varejista de Apucarana (Sivana) e de membros da col\u00f4nia portuguesa (Foto: PMA)<\/p>\n","protected":false},"author":4,"featured_media":33120,"comment_status":"closed","ping_status":"open","sticky":false,"template":"","format":"standard","meta":{"footnotes":""},"categories":[24],"tags":[],"class_list":["post-33114","post","type-post","status-publish","format-standard","has-post-thumbnail","hentry","category-noticias"],"acf":[],"_links":{"self":[{"href":"http:\/\/www.apucarana.pr.gov.br\/site\/wp-json\/wp\/v2\/posts\/33114","targetHints":{"allow":["GET"]}}],"collection":[{"href":"http:\/\/www.apucarana.pr.gov.br\/site\/wp-json\/wp\/v2\/posts"}],"about":[{"href":"http:\/\/www.apucarana.pr.gov.br\/site\/wp-json\/wp\/v2\/types\/post"}],"author":[{"embeddable":true,"href":"http:\/\/www.apucarana.pr.gov.br\/site\/wp-json\/wp\/v2\/users\/4"}],"replies":[{"embeddable":true,"href":"http:\/\/www.apucarana.pr.gov.br\/site\/wp-json\/wp\/v2\/comments?post=33114"}],"version-history":[{"count":1,"href":"http:\/\/www.apucarana.pr.gov.br\/site\/wp-json\/wp\/v2\/posts\/33114\/revisions"}],"predecessor-version":[{"id":99549,"href":"http:\/\/www.apucarana.pr.gov.br\/site\/wp-json\/wp\/v2\/posts\/33114\/revisions\/99549"}],"wp:featuredmedia":[{"embeddable":true,"href":"http:\/\/www.apucarana.pr.gov.br\/site\/wp-json\/"}],"wp:attachment":[{"href":"http:\/\/www.apucarana.pr.gov.br\/site\/wp-json\/wp\/v2\/media?parent=33114"}],"wp:term":[{"taxonomy":"category","embeddable":true,"href":"http:\/\/www.apucarana.pr.gov.br\/site\/wp-json\/wp\/v2\/categories?post=33114"},{"taxonomy":"post_tag","embeddable":true,"href":"http:\/\/www.apucarana.pr.gov.br\/site\/wp-json\/wp\/v2\/tags?post=33114"}],"curies":[{"name":"wp","href":"https:\/\/api.w.org\/{rel}","templated":true}]}}