{"id":33083,"date":"2020-05-27T18:07:32","date_gmt":"2020-05-27T21:07:32","guid":{"rendered":"http:\/\/172.16.0.7\/site-antigo\/?p=33083"},"modified":"2024-10-08T09:21:13","modified_gmt":"2024-10-08T12:21:13","slug":"apucarana-investe-na-cafeicultura-moderna","status":"publish","type":"post","link":"http:\/\/www.apucarana.pr.gov.br\/site\/apucarana-investe-na-cafeicultura-moderna\/","title":{"rendered":"Apucarana investe na cafeicultura moderna"},"content":{"rendered":"<p>Ainda se recuperando da geada de 2013, que dizimou cerca de 70% dos cafezais do munic\u00edpio, os produtores apucaranenses iniciam a colheita da safra 2020 com otimismo. O cafeicultor Mauro Machado, que cultiva 13 hectares no Distrito de Pirap\u00f3, projeta uma boa produ\u00e7\u00e3o. \u201cA geada de sete anos atr\u00e1s trouxe muito des\u00e2nimo para todos, mas aos poucos estamos nos recuperando e, este ano vou ter uma produ\u00e7\u00e3o muito boa em minha propriedade\u201d, relata Machado, que tamb\u00e9m \u00e9 presidente da Associa\u00e7\u00e3o de Cafeicultores de Apucarana, que re\u00fane 197 agricultores. Segundo ele, a colheita do caf\u00e9 no munic\u00edpio deve se estender at\u00e9 agosto.<br \/>\nSegundo dados do Departamento de Economia Rural (Deral) da Secretaria de Estado da Agricultura e Abastecimento, ap\u00f3s a geada de 2013 a \u00e1rea cultivada no munic\u00edpio despencou de 4.190 hectares para apenas 910 no ano seguinte. Atualmente, com esfor\u00e7os coordenados entre a Secretaria da Agricultura da Prefeitura de Apucarana e IDR\/IAPAR\/EMATER, \u00f3rg\u00e3os do Governo do Paran\u00e1, a \u00e1rea de plantio j\u00e1 ultrapassa os 1.600 hectares. \u201cRecentemente, recebemos a cess\u00e3o de uma plantadeira autom\u00e1tica da prefeitura, que tem sido de grande valia. O prefeito J\u00fanior da Femac tem abra\u00e7ado a causa e ajudado muito\u201d, relata o cafeicultor Mauro Machado, reconhecendo o apoio da prefeitura, que tem desenvolvido uma s\u00e9rie de a\u00e7\u00f5es atrav\u00e9s do Programa de Incentivo \u00e0 Cafeicultura &#8211; junto ao Programa Municipal Terra Forte &#8211; visando auxiliar no replantio de \u00e1reas e potencializa\u00e7\u00e3o da produ\u00e7\u00e3o cafeeira.<br \/>\nA op\u00e7\u00e3o atual, afirma o secret\u00e1rio municipal de Agricultura, Jos\u00e9 Luiz Porto, \u00e9 produzir caf\u00e9 com tecnologia. \u201cA gest\u00e3o Beto Preto\/J\u00fanior da Femac j\u00e1 formou e repassou de forma subsidiada aos nossos cafeicultores mais de 500 mil mudas selecionadas de alta produtividade, da variedade IPR 100\/IAPAR, que \u00e9 resistente \u00e0 ferrugem e nemat\u00f3ide. Al\u00e9m disso, o Munic\u00edpio adquiriu uma m\u00e1quina plantadeira e o governo do Estado uma colhetadeira. Com isso, o cultivo mecanizado j\u00e1 \u00e9 uma realidade\u201d, ressalta Porto.<br \/>\nDe acordo com o secret\u00e1rio, o trabalho \u00e9 desenvolvido atrav\u00e9s de uma parceria com o Instituto Paranaense de Assist\u00eancia T\u00e9cnica e Extens\u00e3o Rural (Emater). \u201cOs maquin\u00e1rios foram cedidos em comodato para a Associa\u00e7\u00e3o dos Cafeicultores do Pirap\u00f3, que faz o agendamento junto aos produtores. \u00c9 Apucarana incentivando a cafeicultura moderna\u201d, explica Porto, assinalando que al\u00e9m de suprir a falta de m\u00e3o-de-obra, a disponibiliza\u00e7\u00e3o dos maquin\u00e1rios tem incentivado a retomada do caf\u00e9, com a expans\u00e3o da \u00e1rea cultivada e a diminui\u00e7\u00e3o dos custos de produ\u00e7\u00e3o.<br \/>\nAl\u00e9m da quest\u00e3o econ\u00f4mica, os programas municipais visam resgatar uma atividade que tem um significado muito especial para os apucaranenses. \u201cEstamos cuidando de uma cultura que formou a nossa cidade, tendo seu apogeu nas d\u00e9cadas de 60 e 70, mas mesmo depois da geada negra de 1975, nunca perdeu sua import\u00e2ncia, encontrando em Apucarana uma das melhores terras do Brasil\u201d, contextualiza o prefeito J\u00fanior da Femac, destacando que o munic\u00edpio e o Vale do Iva\u00ed t\u00eam sua hist\u00f3ria intimamente ligada \u00e0 produ\u00e7\u00e3o cafeeira. \u201cTradi\u00e7\u00e3o que at\u00e9 os dias de hoje rende seguidos pr\u00eamios de qualidade aos nossos cafeicultores\u201d, pontua J\u00fanior da Femac.<br \/>\nAl\u00e9m da percep\u00e7\u00e3o dos pr\u00f3prios agricultores, a recupera\u00e7\u00e3o da cultura em Apucarana tamb\u00e9m pode ser medida pelo Valor Bruto de Produ\u00e7\u00e3o (VBP). \u201cEm 2013, o caf\u00e9 gerou um VBP de R$ 32 milh\u00f5es, cifra que caiu em 2014, logo ap\u00f3s a geada, para R$ 3 milh\u00f5es. Em 2018, o VBP do caf\u00e9 em Apucarana j\u00e1 era de R$ 17 milh\u00f5es\u201d, compara J\u00fanior da Femac. Ele recorda que logo ap\u00f3s o epis\u00f3dio clim\u00e1tico o ent\u00e3o prefeito Beto Preto reuniu a equipe para definir a\u00e7\u00f5es para amenizar a crise no setor. \u201cFoi neste cen\u00e1rio que ele criou a Secretaria Municipal de Agricultura, que n\u00e3o existia e funcionava junto \u00e0 Secretaria de Ind\u00fastria e Com\u00e9rcio, e deu in\u00edcio em 2014 ao Programa Terra Forte. Ao mesmo tempo em que o Munic\u00edpio ofereceu incentivos para a retomada dos cafezais, foi introduzida a fruticultura como uma forma de diversifica\u00e7\u00e3o da propriedade\u201d, recorda o prefeito de Apucarana.<\/p>\n","protected":false},"excerpt":{"rendered":"<p>Visando fortalecimento da cultura no munic\u00edpio, prefeitura adquiriu uma m\u00e1quina plantadeira e o governo do Estado uma colhetadeira, que j\u00e1 \u00e9 operacionalizada pela Associa\u00e7\u00e3o dos Cafeicultores (Foto: PMA\/arquivo)<\/p>\n","protected":false},"author":4,"featured_media":33086,"comment_status":"closed","ping_status":"open","sticky":false,"template":"","format":"standard","meta":{"footnotes":""},"categories":[24],"tags":[],"class_list":["post-33083","post","type-post","status-publish","format-standard","has-post-thumbnail","hentry","category-noticias"],"acf":[],"_links":{"self":[{"href":"http:\/\/www.apucarana.pr.gov.br\/site\/wp-json\/wp\/v2\/posts\/33083","targetHints":{"allow":["GET"]}}],"collection":[{"href":"http:\/\/www.apucarana.pr.gov.br\/site\/wp-json\/wp\/v2\/posts"}],"about":[{"href":"http:\/\/www.apucarana.pr.gov.br\/site\/wp-json\/wp\/v2\/types\/post"}],"author":[{"embeddable":true,"href":"http:\/\/www.apucarana.pr.gov.br\/site\/wp-json\/wp\/v2\/users\/4"}],"replies":[{"embeddable":true,"href":"http:\/\/www.apucarana.pr.gov.br\/site\/wp-json\/wp\/v2\/comments?post=33083"}],"version-history":[{"count":1,"href":"http:\/\/www.apucarana.pr.gov.br\/site\/wp-json\/wp\/v2\/posts\/33083\/revisions"}],"predecessor-version":[{"id":99550,"href":"http:\/\/www.apucarana.pr.gov.br\/site\/wp-json\/wp\/v2\/posts\/33083\/revisions\/99550"}],"wp:featuredmedia":[{"embeddable":true,"href":"http:\/\/www.apucarana.pr.gov.br\/site\/wp-json\/"}],"wp:attachment":[{"href":"http:\/\/www.apucarana.pr.gov.br\/site\/wp-json\/wp\/v2\/media?parent=33083"}],"wp:term":[{"taxonomy":"category","embeddable":true,"href":"http:\/\/www.apucarana.pr.gov.br\/site\/wp-json\/wp\/v2\/categories?post=33083"},{"taxonomy":"post_tag","embeddable":true,"href":"http:\/\/www.apucarana.pr.gov.br\/site\/wp-json\/wp\/v2\/tags?post=33083"}],"curies":[{"name":"wp","href":"https:\/\/api.w.org\/{rel}","templated":true}]}}